{"id":1619,"date":"2020-04-05T09:14:49","date_gmt":"2020-04-05T09:14:49","guid":{"rendered":"http:\/\/www.silayolusevenler.com\/?p=1619"},"modified":"2020-04-10T18:52:48","modified_gmt":"2020-04-10T18:52:48","slug":"almanya-kontrolu-kaybediyor","status":"publish","type":"post","link":"https:\/\/silayolusevenler.nl\/wp\/ulkeler\/almanya\/almanya-kontrolu-kaybediyor\/","title":{"rendered":"Almanya kontrol\u00fc kaybediyor"},"content":{"rendered":"\n<h5 class=\"wp-block-heading\">Almanya kontrol\u00fc kaybediyor<\/h5>\n\n\n\n<hr class=\"wp-block-separator\"\/>\n\n\n\n<p>Almanya\u2019da bir ka\u00e7 g\u00fcn i\u00e7erisinde \u00f6l\u00fcm oranlar\u0131n\u0131n %1\u2019in \u00fczerine \u00e7\u0131kmas\u0131, sosyal medyada acaba salg\u0131n kontrol alt\u0131ndan \u00e7ekiyor mu? Gibi tart simalara yol a\u00e7t\u0131. \u00d6l\u00fcm oranlar\u0131 % 0,25 iken % 1,3\u2019e \u00e7\u0131km\u0131\u015ft\u0131.<\/p>\n\n\n\n<p>D\u00fc\u015f\u00fck \u00f6l\u00fcm oranlar\u0131 ile dikkat \u00e7eken Almanya, bir ka\u00e7 g\u00fcn i\u00e7erisinde durumun terse d\u00f6nmesi ile yeniden dikkatleri \u00fczerine \u00e7ekti. Vaka \u015fayileri 20.000 civar\u0131nda iken \u00f6nlemleri gev\u015fetmeyi d\u00fc\u015f\u00fcnen Almanya\u2019da hasta say\u0131s\u0131 85.000 civar\u0131na y\u00fckseldi. \u00d6lenlerin sayas\u0131da 1130 oldu. B\u00f6ylelikle &amp;0,25 olan \u00f6l\u00fcm oranlar\u0131 %1,3 civar\u0131na y\u00fckseldi.<\/p>\n\n\n\n<p>Almanya\u2019daki baz\u0131 uzman ve istatik\u00e7iler, \u00fclkedeki durumun asl\u0131nda belirsiz oldu\u011funu, ka\u00e7 ki\u015fiye korona vir\u00fcs bula\u015ft\u0131\u011f\u0131n\u0131, ka\u00e7 ki\u015finin hastaland\u0131\u011f\u0131n\u0131 ve ka\u00e7 insan\u0131n korona vir\u00fcsten \u00f6ld\u00fc\u011f\u00fcn\u00fcn tam bilinmedi\u011fini iddia ettiler.<\/p>\n\n\n\n<p>Verilen bilgilerin sadece test sonucu testleri pozitif \u00e7\u0131kan insanlar\u0131 g\u00f6sterdi\u011fini ama asl\u0131nda ka\u00e7 ki\u015finin hasta oldu\u011funu belirtmedi\u011fini bildirdiler. Ger\u00e7ek rakamlar\u0131n verilen rakamlardan \u00e7ok daha y\u00fcksek oldu\u011fu iddia ediliyor. Ayr\u0131ca Almanya\u2019daki d\u00fc\u015f\u00fck olan \u00f6l\u00fcm oranlar\u0131n\u0131n da, \u00f6l\u00fcm nedeninin kay\u0131tlara<\/p>\n\n\n\n<h5 class=\"wp-block-heading\">10 <strong>Kat Daha Fazla\u2019<\/strong><\/h5>\n\n\n\n<p>NRW Ba\u015fbakan\u0131 Armin Laschet\u2019in verdi\u011fi bilgiye g\u00f6re, baz\u0131 doktorlar hasta say\u0131lar\u0131n\u0131n a\u00e7\u0131klanan resmi rakamlardan 10 kat daha fazla oldu\u011funu d\u00fc\u015f\u00fcn\u00fcyor seklinde bildirdi.<\/p>\n\n\n\n<hr class=\"wp-block-separator\"\/>\n","protected":false},"excerpt":{"rendered":"<p>Almanya kontrol\u00fc kaybediyor Almanya\u2019da bir ka\u00e7 g\u00fcn i\u00e7erisinde \u00f6l\u00fcm oranlar\u0131n\u0131n %1\u2019in \u00fczerine \u00e7\u0131kmas\u0131, sosyal medyada acaba salg\u0131n kontrol alt\u0131ndan \u00e7ekiyor mu? Gibi tart simalara yol a\u00e7t\u0131. \u00d6l\u00fcm oranlar\u0131 % 0,25 iken % 1,3\u2019e \u00e7\u0131km\u0131\u015ft\u0131. D\u00fc\u015f\u00fck \u00f6l\u00fcm oranlar\u0131 ile dikkat \u00e7eken Almanya, bir ka\u00e7 g\u00fcn i\u00e7erisinde durumun terse d\u00f6nmesi ile yeniden dikkatleri \u00fczerine \u00e7ekti. Vaka \u015fayileri [&hellip;]<\/p>\n","protected":false},"author":1,"featured_media":1620,"comment_status":"open","ping_status":"open","sticky":false,"template":"","format":"standard","meta":{"_exactmetrics_skip_tracking":false,"_exactmetrics_sitenote_active":false,"_exactmetrics_sitenote_note":"","_exactmetrics_sitenote_category":0,"_jetpack_memberships_contains_paid_content":false,"footnotes":""},"categories":[18],"tags":[35,12,13,93],"class_list":{"0":"post-1619","1":"post","2":"type-post","3":"status-publish","4":"format-standard","5":"has-post-thumbnail","7":"category-almanya","8":"tag-almanya","9":"tag-avrupa","10":"tag-korona","11":"tag-sys"},"yoast_head":"<!-- This site is optimized with the Yoast SEO plugin v24.9 - https:\/\/yoast.com\/wordpress\/plugins\/seo\/ -->\n<title>Almanya kontrol\u00fc kaybediyor - S\u0131la Yolu Sevenler<\/title>\n<meta name=\"robots\" content=\"index, follow, max-snippet:-1, max-image-preview:large, max-video-preview:-1\" \/>\n<link rel=\"canonical\" href=\"https:\/\/silayolusevenler.nl\/wp\/ulkeler\/almanya\/almanya-kontrolu-kaybediyor\/\" \/>\n<meta property=\"og:locale\" content=\"tr_TR\" \/>\n<meta property=\"og:type\" content=\"article\" \/>\n<meta property=\"og:title\" content=\"Almanya kontrol\u00fc kaybediyor - S\u0131la Yolu Sevenler\" \/>\n<meta property=\"og:description\" content=\"Almanya kontrol\u00fc kaybediyor Almanya\u2019da bir ka\u00e7 g\u00fcn i\u00e7erisinde \u00f6l\u00fcm oranlar\u0131n\u0131n %1\u2019in \u00fczerine \u00e7\u0131kmas\u0131, sosyal medyada acaba salg\u0131n kontrol alt\u0131ndan \u00e7ekiyor mu? Gibi tart simalara yol a\u00e7t\u0131. \u00d6l\u00fcm oranlar\u0131 % 0,25 iken % 1,3\u2019e \u00e7\u0131km\u0131\u015ft\u0131. D\u00fc\u015f\u00fck \u00f6l\u00fcm oranlar\u0131 ile dikkat \u00e7eken Almanya, bir ka\u00e7 g\u00fcn i\u00e7erisinde durumun terse d\u00f6nmesi ile yeniden dikkatleri \u00fczerine \u00e7ekti. Vaka \u015fayileri [&hellip;]\" \/>\n<meta property=\"og:url\" content=\"https:\/\/silayolusevenler.nl\/wp\/ulkeler\/almanya\/almanya-kontrolu-kaybediyor\/\" \/>\n<meta property=\"og:site_name\" content=\"S\u0131la Yolu Sevenler\" \/>\n<meta property=\"article:published_time\" content=\"2020-04-05T09:14:49+00:00\" \/>\n<meta property=\"article:modified_time\" content=\"2020-04-10T18:52:48+00:00\" \/>\n<meta property=\"og:image\" content=\"https:\/\/silayolusevenler.nl\/wp\/wp-content\/uploads\/2020\/04\/graph-3033203_1280.jpg\" \/>\n\t<meta property=\"og:image:width\" content=\"1280\" \/>\n\t<meta property=\"og:image:height\" content=\"720\" \/>\n\t<meta property=\"og:image:type\" content=\"image\/jpeg\" \/>\n<meta name=\"author\" content=\"SYS Edit\u00f6r\" \/>\n<meta name=\"twitter:card\" content=\"summary_large_image\" \/>\n<meta name=\"twitter:label1\" content=\"Yazan:\" \/>\n\t<meta name=\"twitter:data1\" content=\"SYS Edit\u00f6r\" \/>\n\t<meta name=\"twitter:label2\" content=\"Tahmini okuma s\u00fcresi\" \/>\n\t<meta name=\"twitter:data2\" content=\"1 dakika\" \/>\n<script type=\"application\/ld+json\" class=\"yoast-schema-graph\">{\"@context\":\"https:\/\/schema.org\",\"@graph\":[{\"@type\":\"Article\",\"@id\":\"https:\/\/silayolusevenler.nl\/wp\/ulkeler\/almanya\/almanya-kontrolu-kaybediyor\/#article\",\"isPartOf\":{\"@id\":\"https:\/\/silayolusevenler.nl\/wp\/ulkeler\/almanya\/almanya-kontrolu-kaybediyor\/\"},\"author\":{\"name\":\"SYS Edit\u00f6r\",\"@id\":\"https:\/\/silayolusevenler.nl\/wp\/#\/schema\/person\/dbcd6e993af8a999b044c73a7e54e1e3\"},\"headline\":\"Almanya kontrol\u00fc kaybediyor\",\"datePublished\":\"2020-04-05T09:14:49+00:00\",\"dateModified\":\"2020-04-10T18:52:48+00:00\",\"mainEntityOfPage\":{\"@id\":\"https:\/\/silayolusevenler.nl\/wp\/ulkeler\/almanya\/almanya-kontrolu-kaybediyor\/\"},\"wordCount\":237,\"commentCount\":0,\"publisher\":{\"@id\":\"https:\/\/silayolusevenler.nl\/wp\/#\/schema\/person\/dbcd6e993af8a999b044c73a7e54e1e3\"},\"image\":{\"@id\":\"https:\/\/silayolusevenler.nl\/wp\/ulkeler\/almanya\/almanya-kontrolu-kaybediyor\/#primaryimage\"},\"thumbnailUrl\":\"https:\/\/silayolusevenler.nl\/wp\/wp-content\/uploads\/2020\/04\/graph-3033203_1280.jpg\",\"keywords\":[\"Almanya\",\"Avrupa\",\"Korona\",\"SYS\"],\"articleSection\":[\"Almanya\"],\"inLanguage\":\"tr\",\"potentialAction\":[{\"@type\":\"CommentAction\",\"name\":\"Comment\",\"target\":[\"https:\/\/silayolusevenler.nl\/wp\/ulkeler\/almanya\/almanya-kontrolu-kaybediyor\/#respond\"]}]},{\"@type\":\"WebPage\",\"@id\":\"https:\/\/silayolusevenler.nl\/wp\/ulkeler\/almanya\/almanya-kontrolu-kaybediyor\/\",\"url\":\"https:\/\/silayolusevenler.nl\/wp\/ulkeler\/almanya\/almanya-kontrolu-kaybediyor\/\",\"name\":\"Almanya kontrol\u00fc kaybediyor - S\u0131la Yolu Sevenler\",\"isPartOf\":{\"@id\":\"https:\/\/silayolusevenler.nl\/wp\/#website\"},\"primaryImageOfPage\":{\"@id\":\"https:\/\/silayolusevenler.nl\/wp\/ulkeler\/almanya\/almanya-kontrolu-kaybediyor\/#primaryimage\"},\"image\":{\"@id\":\"https:\/\/silayolusevenler.nl\/wp\/ulkeler\/almanya\/almanya-kontrolu-kaybediyor\/#primaryimage\"},\"thumbnailUrl\":\"https:\/\/silayolusevenler.nl\/wp\/wp-content\/uploads\/2020\/04\/graph-3033203_1280.jpg\",\"datePublished\":\"2020-04-05T09:14:49+00:00\",\"dateModified\":\"2020-04-10T18:52:48+00:00\",\"breadcrumb\":{\"@id\":\"https:\/\/silayolusevenler.nl\/wp\/ulkeler\/almanya\/almanya-kontrolu-kaybediyor\/#breadcrumb\"},\"inLanguage\":\"tr\",\"potentialAction\":[{\"@type\":\"ReadAction\",\"target\":[\"https:\/\/silayolusevenler.nl\/wp\/ulkeler\/almanya\/almanya-kontrolu-kaybediyor\/\"]}]},{\"@type\":\"ImageObject\",\"inLanguage\":\"tr\",\"@id\":\"https:\/\/silayolusevenler.nl\/wp\/ulkeler\/almanya\/almanya-kontrolu-kaybediyor\/#primaryimage\",\"url\":\"https:\/\/silayolusevenler.nl\/wp\/wp-content\/uploads\/2020\/04\/graph-3033203_1280.jpg\",\"contentUrl\":\"https:\/\/silayolusevenler.nl\/wp\/wp-content\/uploads\/2020\/04\/graph-3033203_1280.jpg\",\"width\":1280,\"height\":720},{\"@type\":\"BreadcrumbList\",\"@id\":\"https:\/\/silayolusevenler.nl\/wp\/ulkeler\/almanya\/almanya-kontrolu-kaybediyor\/#breadcrumb\",\"itemListElement\":[{\"@type\":\"ListItem\",\"position\":1,\"name\":\"Home\",\"item\":\"https:\/\/silayolusevenler.nl\/wp\/\"},{\"@type\":\"ListItem\",\"position\":2,\"name\":\"Almanya kontrol\u00fc kaybediyor\"}]},{\"@type\":\"WebSite\",\"@id\":\"https:\/\/silayolusevenler.nl\/wp\/#website\",\"url\":\"https:\/\/silayolusevenler.nl\/wp\/\",\"name\":\"S\u0131la Yolu Sevenler\",\"description\":\"Yaln\u0131z De\u011filsiniz\",\"publisher\":{\"@id\":\"https:\/\/silayolusevenler.nl\/wp\/#\/schema\/person\/dbcd6e993af8a999b044c73a7e54e1e3\"},\"potentialAction\":[{\"@type\":\"SearchAction\",\"target\":{\"@type\":\"EntryPoint\",\"urlTemplate\":\"https:\/\/silayolusevenler.nl\/wp\/?s={search_term_string}\"},\"query-input\":{\"@type\":\"PropertyValueSpecification\",\"valueRequired\":true,\"valueName\":\"search_term_string\"}}],\"inLanguage\":\"tr\"},{\"@type\":[\"Person\",\"Organization\"],\"@id\":\"https:\/\/silayolusevenler.nl\/wp\/#\/schema\/person\/dbcd6e993af8a999b044c73a7e54e1e3\",\"name\":\"SYS Edit\u00f6r\",\"logo\":{\"@id\":\"https:\/\/silayolusevenler.nl\/wp\/#\/schema\/person\/image\/\"}}]}<\/script>\n<!-- \/ Yoast SEO plugin. -->","yoast_head_json":{"title":"Almanya kontrol\u00fc kaybediyor - S\u0131la Yolu Sevenler","robots":{"index":"index","follow":"follow","max-snippet":"max-snippet:-1","max-image-preview":"max-image-preview:large","max-video-preview":"max-video-preview:-1"},"canonical":"https:\/\/silayolusevenler.nl\/wp\/ulkeler\/almanya\/almanya-kontrolu-kaybediyor\/","og_locale":"tr_TR","og_type":"article","og_title":"Almanya kontrol\u00fc kaybediyor - S\u0131la Yolu Sevenler","og_description":"Almanya kontrol\u00fc kaybediyor Almanya\u2019da bir ka\u00e7 g\u00fcn i\u00e7erisinde \u00f6l\u00fcm oranlar\u0131n\u0131n %1\u2019in \u00fczerine \u00e7\u0131kmas\u0131, sosyal medyada acaba salg\u0131n kontrol alt\u0131ndan \u00e7ekiyor mu? Gibi tart simalara yol a\u00e7t\u0131. \u00d6l\u00fcm oranlar\u0131 % 0,25 iken % 1,3\u2019e \u00e7\u0131km\u0131\u015ft\u0131. D\u00fc\u015f\u00fck \u00f6l\u00fcm oranlar\u0131 ile dikkat \u00e7eken Almanya, bir ka\u00e7 g\u00fcn i\u00e7erisinde durumun terse d\u00f6nmesi ile yeniden dikkatleri \u00fczerine \u00e7ekti. Vaka \u015fayileri [&hellip;]","og_url":"https:\/\/silayolusevenler.nl\/wp\/ulkeler\/almanya\/almanya-kontrolu-kaybediyor\/","og_site_name":"S\u0131la Yolu Sevenler","article_published_time":"2020-04-05T09:14:49+00:00","article_modified_time":"2020-04-10T18:52:48+00:00","og_image":[{"width":1280,"height":720,"url":"https:\/\/silayolusevenler.nl\/wp\/wp-content\/uploads\/2020\/04\/graph-3033203_1280.jpg","type":"image\/jpeg"}],"author":"SYS Edit\u00f6r","twitter_card":"summary_large_image","twitter_misc":{"Yazan:":"SYS Edit\u00f6r","Tahmini okuma s\u00fcresi":"1 dakika"},"schema":{"@context":"https:\/\/schema.org","@graph":[{"@type":"Article","@id":"https:\/\/silayolusevenler.nl\/wp\/ulkeler\/almanya\/almanya-kontrolu-kaybediyor\/#article","isPartOf":{"@id":"https:\/\/silayolusevenler.nl\/wp\/ulkeler\/almanya\/almanya-kontrolu-kaybediyor\/"},"author":{"name":"SYS Edit\u00f6r","@id":"https:\/\/silayolusevenler.nl\/wp\/#\/schema\/person\/dbcd6e993af8a999b044c73a7e54e1e3"},"headline":"Almanya kontrol\u00fc kaybediyor","datePublished":"2020-04-05T09:14:49+00:00","dateModified":"2020-04-10T18:52:48+00:00","mainEntityOfPage":{"@id":"https:\/\/silayolusevenler.nl\/wp\/ulkeler\/almanya\/almanya-kontrolu-kaybediyor\/"},"wordCount":237,"commentCount":0,"publisher":{"@id":"https:\/\/silayolusevenler.nl\/wp\/#\/schema\/person\/dbcd6e993af8a999b044c73a7e54e1e3"},"image":{"@id":"https:\/\/silayolusevenler.nl\/wp\/ulkeler\/almanya\/almanya-kontrolu-kaybediyor\/#primaryimage"},"thumbnailUrl":"https:\/\/silayolusevenler.nl\/wp\/wp-content\/uploads\/2020\/04\/graph-3033203_1280.jpg","keywords":["Almanya","Avrupa","Korona","SYS"],"articleSection":["Almanya"],"inLanguage":"tr","potentialAction":[{"@type":"CommentAction","name":"Comment","target":["https:\/\/silayolusevenler.nl\/wp\/ulkeler\/almanya\/almanya-kontrolu-kaybediyor\/#respond"]}]},{"@type":"WebPage","@id":"https:\/\/silayolusevenler.nl\/wp\/ulkeler\/almanya\/almanya-kontrolu-kaybediyor\/","url":"https:\/\/silayolusevenler.nl\/wp\/ulkeler\/almanya\/almanya-kontrolu-kaybediyor\/","name":"Almanya kontrol\u00fc kaybediyor - S\u0131la Yolu Sevenler","isPartOf":{"@id":"https:\/\/silayolusevenler.nl\/wp\/#website"},"primaryImageOfPage":{"@id":"https:\/\/silayolusevenler.nl\/wp\/ulkeler\/almanya\/almanya-kontrolu-kaybediyor\/#primaryimage"},"image":{"@id":"https:\/\/silayolusevenler.nl\/wp\/ulkeler\/almanya\/almanya-kontrolu-kaybediyor\/#primaryimage"},"thumbnailUrl":"https:\/\/silayolusevenler.nl\/wp\/wp-content\/uploads\/2020\/04\/graph-3033203_1280.jpg","datePublished":"2020-04-05T09:14:49+00:00","dateModified":"2020-04-10T18:52:48+00:00","breadcrumb":{"@id":"https:\/\/silayolusevenler.nl\/wp\/ulkeler\/almanya\/almanya-kontrolu-kaybediyor\/#breadcrumb"},"inLanguage":"tr","potentialAction":[{"@type":"ReadAction","target":["https:\/\/silayolusevenler.nl\/wp\/ulkeler\/almanya\/almanya-kontrolu-kaybediyor\/"]}]},{"@type":"ImageObject","inLanguage":"tr","@id":"https:\/\/silayolusevenler.nl\/wp\/ulkeler\/almanya\/almanya-kontrolu-kaybediyor\/#primaryimage","url":"https:\/\/silayolusevenler.nl\/wp\/wp-content\/uploads\/2020\/04\/graph-3033203_1280.jpg","contentUrl":"https:\/\/silayolusevenler.nl\/wp\/wp-content\/uploads\/2020\/04\/graph-3033203_1280.jpg","width":1280,"height":720},{"@type":"BreadcrumbList","@id":"https:\/\/silayolusevenler.nl\/wp\/ulkeler\/almanya\/almanya-kontrolu-kaybediyor\/#breadcrumb","itemListElement":[{"@type":"ListItem","position":1,"name":"Home","item":"https:\/\/silayolusevenler.nl\/wp\/"},{"@type":"ListItem","position":2,"name":"Almanya kontrol\u00fc kaybediyor"}]},{"@type":"WebSite","@id":"https:\/\/silayolusevenler.nl\/wp\/#website","url":"https:\/\/silayolusevenler.nl\/wp\/","name":"S\u0131la Yolu Sevenler","description":"Yaln\u0131z De\u011filsiniz","publisher":{"@id":"https:\/\/silayolusevenler.nl\/wp\/#\/schema\/person\/dbcd6e993af8a999b044c73a7e54e1e3"},"potentialAction":[{"@type":"SearchAction","target":{"@type":"EntryPoint","urlTemplate":"https:\/\/silayolusevenler.nl\/wp\/?s={search_term_string}"},"query-input":{"@type":"PropertyValueSpecification","valueRequired":true,"valueName":"search_term_string"}}],"inLanguage":"tr"},{"@type":["Person","Organization"],"@id":"https:\/\/silayolusevenler.nl\/wp\/#\/schema\/person\/dbcd6e993af8a999b044c73a7e54e1e3","name":"SYS Edit\u00f6r","logo":{"@id":"https:\/\/silayolusevenler.nl\/wp\/#\/schema\/person\/image\/"}}]}},"jetpack_featured_media_url":"https:\/\/silayolusevenler.nl\/wp\/wp-content\/uploads\/2020\/04\/graph-3033203_1280.jpg","jetpack_sharing_enabled":true,"_links":{"self":[{"href":"https:\/\/silayolusevenler.nl\/wp\/wp-json\/wp\/v2\/posts\/1619","targetHints":{"allow":["GET"]}}],"collection":[{"href":"https:\/\/silayolusevenler.nl\/wp\/wp-json\/wp\/v2\/posts"}],"about":[{"href":"https:\/\/silayolusevenler.nl\/wp\/wp-json\/wp\/v2\/types\/post"}],"author":[{"embeddable":true,"href":"https:\/\/silayolusevenler.nl\/wp\/wp-json\/wp\/v2\/users\/1"}],"replies":[{"embeddable":true,"href":"https:\/\/silayolusevenler.nl\/wp\/wp-json\/wp\/v2\/comments?post=1619"}],"version-history":[{"count":2,"href":"https:\/\/silayolusevenler.nl\/wp\/wp-json\/wp\/v2\/posts\/1619\/revisions"}],"predecessor-version":[{"id":1844,"href":"https:\/\/silayolusevenler.nl\/wp\/wp-json\/wp\/v2\/posts\/1619\/revisions\/1844"}],"wp:featuredmedia":[{"embeddable":true,"href":"https:\/\/silayolusevenler.nl\/wp\/wp-json\/wp\/v2\/media\/1620"}],"wp:attachment":[{"href":"https:\/\/silayolusevenler.nl\/wp\/wp-json\/wp\/v2\/media?parent=1619"}],"wp:term":[{"taxonomy":"category","embeddable":true,"href":"https:\/\/silayolusevenler.nl\/wp\/wp-json\/wp\/v2\/categories?post=1619"},{"taxonomy":"post_tag","embeddable":true,"href":"https:\/\/silayolusevenler.nl\/wp\/wp-json\/wp\/v2\/tags?post=1619"}],"curies":[{"name":"wp","href":"https:\/\/api.w.org\/{rel}","templated":true}]}}