{"id":1788,"date":"2020-04-07T09:01:25","date_gmt":"2020-04-07T09:01:25","guid":{"rendered":"http:\/\/www.silayolusevenler.com\/?p=1788"},"modified":"2020-04-10T18:49:33","modified_gmt":"2020-04-10T18:49:33","slug":"aydinda-vatandaslari-duygulandiran-anonslar","status":"publish","type":"post","link":"https:\/\/silayolusevenler.nl\/wp\/turkiye\/aydinda-vatandaslari-duygulandiran-anonslar\/","title":{"rendered":"Ayd\u0131n&#8217;da vatanda\u015flar\u0131 duyguland\u0131ran anonslar"},"content":{"rendered":"\n<h5 class=\"wp-block-heading\">Ayd\u0131n&#8217;da vatanda\u015flar\u0131 duyguland\u0131ran anonslar<\/h5>\n\n\n\n<hr class=\"wp-block-separator\"\/>\n\n\n\n<p>Korona vir\u00fcs tedbirleri kapsam\u0131nda yurtd\u0131\u015f\u0131ndan gelerek 14 g\u00fcn karantinaya al\u0131nan vatanda\u015flar devletin kendilerine sundu\u011fu hizmetler kar\u015f\u0131s\u0131nda duygu dolu anlar ya\u015fad\u0131lar.<\/p>\n\n\n\n<p>Devlet yetkililerine bol bol te\u015fekk\u00fcr eden vatanda\u015flar\u0131n internetten yeme\u011fine kadar her t\u00fcrl\u00fc ihtiya\u00e7lar\u0131 kar\u015f\u0131lan\u0131yor.<\/p>\n\n\n\n<p>Ge\u00e7ti\u011fimiz g\u00fcn 449 vatanda\u015f\u0131m\u0131z Cezayir\u2019den u\u00e7akla al\u0131narak Ayd\u0131n\u2019da \u00f6\u011frenci yurtlar\u0131nda karantinaya alindi. Sa\u011fl\u0131k kontrollerinin ard\u0131ndan yurtlara yerle\u015ftirilen vatanda\u015flar\u0131n karantinaya al\u0131nd\u0131\u011f\u0131n\u0131 bildiren Aydin valisi Yavuz Selim K\u00f6g\u015fer ifadesinde \u201cDevlet olarak t\u00fcm vatanda\u015flar\u0131m\u0131z\u0131n yan\u0131nday\u0131z. Yurtlara yerle\u015ftirilen vatanda\u015flar\u0131m\u0131z\u0131n her t\u00fcrl\u00fc ihtiya\u00e7lar\u0131 kar\u015f\u0131lay\u0131p a\u011f\u0131rl\u0131yoruz. Vatanda\u015flar\u0131m\u0131z da 14 g\u00fcn boyunca odalar\u0131ndan \u00e7\u0131kmayarak s\u00fcreci tamamlad\u0131ktan sonra evlerine ge\u00e7ecekler\u201d dedi.<\/p>\n\n\n\n<p>Cezayir\u2019den gelen 449 vatanda\u015f\u0131n 160\u2019i S\u00f6ke\u2019de Meryem Yaz\u0131c\u0131o\u011flu \u00f6\u011frenci yurduna, 289\u2019u Efeler Adnan menderes \u00f6\u011frenci yurduna yerle\u015ftirildi. <\/p>\n\n\n\n<p>T\u00fcrk vatanda\u015f\u0131 olman\u0131n gururunu ya\u015fayan vatanda\u015flar verdikleri ifadelerde \u201cVir\u00fcsten sonra ciddi bir s\u0131k\u0131nt\u0131lar ya\u015fad\u0131k. Cezayir\u2019de T\u00fcrkiye\u2019ye gelmeden \u00f6nce yemek yiyemedi\u011fimiz g\u00fcnler oldu. Allah devletimizden raz\u0131 olsun. Hepimiz 5 y\u0131ld\u0131zl\u0131 otel konforunda ayr\u0131 ayr\u0131 odalara yerle\u015ftirildik. Her \u015fey muntazam olarak kap\u0131m\u0131za geliyor. \u015eu bilinsin ki T\u00fcrkiye Cumhuriyeti sadece T\u00fcrkiye s\u0131n\u0131rlar\u0131 i\u00e7inde ya\u015fayan vatanda\u015flar\u0131na de\u011fil, d\u00fcnyan\u0131n d\u00f6rt bir k\u00f6\u015fesinde ya\u015fayan vatanda\u015f\u0131na sahip \u00e7\u0131k\u0131yor. Bunu ba\u015fka bir \u00fclkede ya\u015famayan zor anlar\u201d diye konu\u015ftular.<\/p>\n\n\n\n<p>Cezayir\u2019den gelerek karantina alt\u0131na al\u0131nan vatanda\u015flar\u0131n aras\u0131ndaki G\u00fcrkan Alaca Ailesine ve arkada\u015flar\u0131na ses kay\u0131tlar\u0131n\u0131 g\u00f6nderdi. G\u00f6nderdi\u011fi ses kay\u0131tlar\u0131nda yurt yetkililerin anonslar\u0131 da yer al\u0131yor. Anonslarda duyulan yetkililerin s\u00f6yledikleri gurur verdi. Yetkililer \u201cSizler i\u00e7in buraday\u0131z, ba\u015f\u0131m\u0131z\u0131n \u00fcst\u00fcnde yeriniz var\u201d anonslar\u0131 yaparak vatanda\u015flar\u0131 duyguland\u0131rd\u0131. G\u00fcrkan Alaca g\u00f6nderdi\u011fi kay\u0131tlarda yurt \u00e7al\u0131\u015fanlar\u0131na ve devlet yetkililerine te\u015fekk\u00fcr etti.<\/p>\n\n\n\n<p>Ayd\u0131n Valisi Yavuz Selim K\u00f6\u015fger yapt\u0131\u011f\u0131 a\u00e7\u0131klamada vatanda\u015flara devletimizin her zaman i\u00e7in vatanda\u015flar\u0131n yan\u0131nda oldu\u011funu Sa\u011fl\u0131k bakanl\u0131\u011f\u0131n\u0131n uyar\u0131lar\u0131n\u0131 dikkate almalar\u0131 gerekti\u011fini, yeniden sa\u011fl\u0131kl\u0131 mutlu g\u00fcnlere d\u00f6nmek i\u00e7in bunlar\u0131n \u00e7ok \u00f6nemli odlu\u011funu belirtti.<\/p>\n\n\n\n<hr class=\"wp-block-separator\"\/>\n\n\n\n<p><\/p>\n","protected":false},"excerpt":{"rendered":"<p>Ayd\u0131n&#8217;da vatanda\u015flar\u0131 duyguland\u0131ran anonslar Korona vir\u00fcs tedbirleri kapsam\u0131nda yurtd\u0131\u015f\u0131ndan gelerek 14 g\u00fcn karantinaya al\u0131nan vatanda\u015flar devletin kendilerine sundu\u011fu hizmetler kar\u015f\u0131s\u0131nda duygu dolu anlar ya\u015fad\u0131lar. Devlet yetkililerine bol bol te\u015fekk\u00fcr eden vatanda\u015flar\u0131n internetten yeme\u011fine kadar her t\u00fcrl\u00fc ihtiya\u00e7lar\u0131 kar\u015f\u0131lan\u0131yor. Ge\u00e7ti\u011fimiz g\u00fcn 449 vatanda\u015f\u0131m\u0131z Cezayir\u2019den u\u00e7akla al\u0131narak Ayd\u0131n\u2019da \u00f6\u011frenci yurtlar\u0131nda karantinaya alindi. Sa\u011fl\u0131k kontrollerinin ard\u0131ndan yurtlara yerle\u015ftirilen [&hellip;]<\/p>\n","protected":false},"author":1,"featured_media":1789,"comment_status":"open","ping_status":"open","sticky":false,"template":"","format":"standard","meta":{"_exactmetrics_skip_tracking":false,"_exactmetrics_sitenote_active":false,"_exactmetrics_sitenote_note":"","_exactmetrics_sitenote_category":0,"_jetpack_memberships_contains_paid_content":false,"footnotes":""},"categories":[15],"tags":[96,13,93,38],"class_list":{"0":"post-1788","1":"post","2":"type-post","3":"status-publish","4":"format-standard","5":"has-post-thumbnail","7":"category-turkiye","8":"tag-gurbetciler","9":"tag-korona","10":"tag-sys","11":"tag-turkiye"},"yoast_head":"<!-- This site is optimized with the Yoast SEO plugin v24.9 - https:\/\/yoast.com\/wordpress\/plugins\/seo\/ -->\n<title>Ayd\u0131n&#039;da vatanda\u015flar\u0131 duyguland\u0131ran anonslar - S\u0131la Yolu Sevenler<\/title>\n<meta name=\"robots\" content=\"index, follow, max-snippet:-1, max-image-preview:large, max-video-preview:-1\" \/>\n<link rel=\"canonical\" href=\"https:\/\/silayolusevenler.nl\/wp\/turkiye\/aydinda-vatandaslari-duygulandiran-anonslar\/\" \/>\n<meta property=\"og:locale\" content=\"tr_TR\" \/>\n<meta property=\"og:type\" content=\"article\" \/>\n<meta property=\"og:title\" content=\"Ayd\u0131n&#039;da vatanda\u015flar\u0131 duyguland\u0131ran anonslar - S\u0131la Yolu Sevenler\" \/>\n<meta property=\"og:description\" content=\"Ayd\u0131n&#8217;da vatanda\u015flar\u0131 duyguland\u0131ran anonslar Korona vir\u00fcs tedbirleri kapsam\u0131nda yurtd\u0131\u015f\u0131ndan gelerek 14 g\u00fcn karantinaya al\u0131nan vatanda\u015flar devletin kendilerine sundu\u011fu hizmetler kar\u015f\u0131s\u0131nda duygu dolu anlar ya\u015fad\u0131lar. Devlet yetkililerine bol bol te\u015fekk\u00fcr eden vatanda\u015flar\u0131n internetten yeme\u011fine kadar her t\u00fcrl\u00fc ihtiya\u00e7lar\u0131 kar\u015f\u0131lan\u0131yor. Ge\u00e7ti\u011fimiz g\u00fcn 449 vatanda\u015f\u0131m\u0131z Cezayir\u2019den u\u00e7akla al\u0131narak Ayd\u0131n\u2019da \u00f6\u011frenci yurtlar\u0131nda karantinaya alindi. Sa\u011fl\u0131k kontrollerinin ard\u0131ndan yurtlara yerle\u015ftirilen [&hellip;]\" \/>\n<meta property=\"og:url\" content=\"https:\/\/silayolusevenler.nl\/wp\/turkiye\/aydinda-vatandaslari-duygulandiran-anonslar\/\" \/>\n<meta property=\"og:site_name\" content=\"S\u0131la Yolu Sevenler\" \/>\n<meta property=\"article:published_time\" content=\"2020-04-07T09:01:25+00:00\" \/>\n<meta property=\"article:modified_time\" content=\"2020-04-10T18:49:33+00:00\" \/>\n<meta property=\"og:image\" content=\"https:\/\/silayolusevenler.nl\/wp\/wp-content\/uploads\/2020\/04\/aydin1.jpg\" \/>\n\t<meta property=\"og:image:width\" content=\"800\" \/>\n\t<meta property=\"og:image:height\" content=\"450\" \/>\n\t<meta property=\"og:image:type\" content=\"image\/jpeg\" \/>\n<meta name=\"author\" content=\"SYS Edit\u00f6r\" \/>\n<meta name=\"twitter:card\" content=\"summary_large_image\" \/>\n<meta name=\"twitter:label1\" content=\"Yazan:\" \/>\n\t<meta name=\"twitter:data1\" content=\"SYS Edit\u00f6r\" \/>\n\t<meta name=\"twitter:label2\" content=\"Tahmini okuma s\u00fcresi\" \/>\n\t<meta name=\"twitter:data2\" content=\"2 dakika\" \/>\n<script type=\"application\/ld+json\" class=\"yoast-schema-graph\">{\"@context\":\"https:\/\/schema.org\",\"@graph\":[{\"@type\":\"Article\",\"@id\":\"https:\/\/silayolusevenler.nl\/wp\/turkiye\/aydinda-vatandaslari-duygulandiran-anonslar\/#article\",\"isPartOf\":{\"@id\":\"https:\/\/silayolusevenler.nl\/wp\/turkiye\/aydinda-vatandaslari-duygulandiran-anonslar\/\"},\"author\":{\"name\":\"SYS Edit\u00f6r\",\"@id\":\"https:\/\/silayolusevenler.nl\/wp\/#\/schema\/person\/dbcd6e993af8a999b044c73a7e54e1e3\"},\"headline\":\"Ayd\u0131n&#8217;da vatanda\u015flar\u0131 duyguland\u0131ran anonslar\",\"datePublished\":\"2020-04-07T09:01:25+00:00\",\"dateModified\":\"2020-04-10T18:49:33+00:00\",\"mainEntityOfPage\":{\"@id\":\"https:\/\/silayolusevenler.nl\/wp\/turkiye\/aydinda-vatandaslari-duygulandiran-anonslar\/\"},\"wordCount\":439,\"commentCount\":0,\"publisher\":{\"@id\":\"https:\/\/silayolusevenler.nl\/wp\/#\/schema\/person\/dbcd6e993af8a999b044c73a7e54e1e3\"},\"image\":{\"@id\":\"https:\/\/silayolusevenler.nl\/wp\/turkiye\/aydinda-vatandaslari-duygulandiran-anonslar\/#primaryimage\"},\"thumbnailUrl\":\"https:\/\/silayolusevenler.nl\/wp\/wp-content\/uploads\/2020\/04\/aydin1.jpg\",\"keywords\":[\"Gurbet\u00e7iler\",\"Korona\",\"SYS\",\"T\u00fcrkiye\"],\"articleSection\":[\"T\u00fcrkiye\"],\"inLanguage\":\"tr\",\"potentialAction\":[{\"@type\":\"CommentAction\",\"name\":\"Comment\",\"target\":[\"https:\/\/silayolusevenler.nl\/wp\/turkiye\/aydinda-vatandaslari-duygulandiran-anonslar\/#respond\"]}]},{\"@type\":\"WebPage\",\"@id\":\"https:\/\/silayolusevenler.nl\/wp\/turkiye\/aydinda-vatandaslari-duygulandiran-anonslar\/\",\"url\":\"https:\/\/silayolusevenler.nl\/wp\/turkiye\/aydinda-vatandaslari-duygulandiran-anonslar\/\",\"name\":\"Ayd\u0131n'da vatanda\u015flar\u0131 duyguland\u0131ran anonslar - S\u0131la Yolu Sevenler\",\"isPartOf\":{\"@id\":\"https:\/\/silayolusevenler.nl\/wp\/#website\"},\"primaryImageOfPage\":{\"@id\":\"https:\/\/silayolusevenler.nl\/wp\/turkiye\/aydinda-vatandaslari-duygulandiran-anonslar\/#primaryimage\"},\"image\":{\"@id\":\"https:\/\/silayolusevenler.nl\/wp\/turkiye\/aydinda-vatandaslari-duygulandiran-anonslar\/#primaryimage\"},\"thumbnailUrl\":\"https:\/\/silayolusevenler.nl\/wp\/wp-content\/uploads\/2020\/04\/aydin1.jpg\",\"datePublished\":\"2020-04-07T09:01:25+00:00\",\"dateModified\":\"2020-04-10T18:49:33+00:00\",\"breadcrumb\":{\"@id\":\"https:\/\/silayolusevenler.nl\/wp\/turkiye\/aydinda-vatandaslari-duygulandiran-anonslar\/#breadcrumb\"},\"inLanguage\":\"tr\",\"potentialAction\":[{\"@type\":\"ReadAction\",\"target\":[\"https:\/\/silayolusevenler.nl\/wp\/turkiye\/aydinda-vatandaslari-duygulandiran-anonslar\/\"]}]},{\"@type\":\"ImageObject\",\"inLanguage\":\"tr\",\"@id\":\"https:\/\/silayolusevenler.nl\/wp\/turkiye\/aydinda-vatandaslari-duygulandiran-anonslar\/#primaryimage\",\"url\":\"https:\/\/silayolusevenler.nl\/wp\/wp-content\/uploads\/2020\/04\/aydin1.jpg\",\"contentUrl\":\"https:\/\/silayolusevenler.nl\/wp\/wp-content\/uploads\/2020\/04\/aydin1.jpg\",\"width\":800,\"height\":450},{\"@type\":\"BreadcrumbList\",\"@id\":\"https:\/\/silayolusevenler.nl\/wp\/turkiye\/aydinda-vatandaslari-duygulandiran-anonslar\/#breadcrumb\",\"itemListElement\":[{\"@type\":\"ListItem\",\"position\":1,\"name\":\"Home\",\"item\":\"https:\/\/silayolusevenler.nl\/wp\/\"},{\"@type\":\"ListItem\",\"position\":2,\"name\":\"Ayd\u0131n&#8217;da vatanda\u015flar\u0131 duyguland\u0131ran anonslar\"}]},{\"@type\":\"WebSite\",\"@id\":\"https:\/\/silayolusevenler.nl\/wp\/#website\",\"url\":\"https:\/\/silayolusevenler.nl\/wp\/\",\"name\":\"S\u0131la Yolu Sevenler\",\"description\":\"Yaln\u0131z De\u011filsiniz\",\"publisher\":{\"@id\":\"https:\/\/silayolusevenler.nl\/wp\/#\/schema\/person\/dbcd6e993af8a999b044c73a7e54e1e3\"},\"potentialAction\":[{\"@type\":\"SearchAction\",\"target\":{\"@type\":\"EntryPoint\",\"urlTemplate\":\"https:\/\/silayolusevenler.nl\/wp\/?s={search_term_string}\"},\"query-input\":{\"@type\":\"PropertyValueSpecification\",\"valueRequired\":true,\"valueName\":\"search_term_string\"}}],\"inLanguage\":\"tr\"},{\"@type\":[\"Person\",\"Organization\"],\"@id\":\"https:\/\/silayolusevenler.nl\/wp\/#\/schema\/person\/dbcd6e993af8a999b044c73a7e54e1e3\",\"name\":\"SYS Edit\u00f6r\",\"logo\":{\"@id\":\"https:\/\/silayolusevenler.nl\/wp\/#\/schema\/person\/image\/\"}}]}<\/script>\n<!-- \/ Yoast SEO plugin. -->","yoast_head_json":{"title":"Ayd\u0131n'da vatanda\u015flar\u0131 duyguland\u0131ran anonslar - S\u0131la Yolu Sevenler","robots":{"index":"index","follow":"follow","max-snippet":"max-snippet:-1","max-image-preview":"max-image-preview:large","max-video-preview":"max-video-preview:-1"},"canonical":"https:\/\/silayolusevenler.nl\/wp\/turkiye\/aydinda-vatandaslari-duygulandiran-anonslar\/","og_locale":"tr_TR","og_type":"article","og_title":"Ayd\u0131n'da vatanda\u015flar\u0131 duyguland\u0131ran anonslar - S\u0131la Yolu Sevenler","og_description":"Ayd\u0131n&#8217;da vatanda\u015flar\u0131 duyguland\u0131ran anonslar Korona vir\u00fcs tedbirleri kapsam\u0131nda yurtd\u0131\u015f\u0131ndan gelerek 14 g\u00fcn karantinaya al\u0131nan vatanda\u015flar devletin kendilerine sundu\u011fu hizmetler kar\u015f\u0131s\u0131nda duygu dolu anlar ya\u015fad\u0131lar. Devlet yetkililerine bol bol te\u015fekk\u00fcr eden vatanda\u015flar\u0131n internetten yeme\u011fine kadar her t\u00fcrl\u00fc ihtiya\u00e7lar\u0131 kar\u015f\u0131lan\u0131yor. Ge\u00e7ti\u011fimiz g\u00fcn 449 vatanda\u015f\u0131m\u0131z Cezayir\u2019den u\u00e7akla al\u0131narak Ayd\u0131n\u2019da \u00f6\u011frenci yurtlar\u0131nda karantinaya alindi. Sa\u011fl\u0131k kontrollerinin ard\u0131ndan yurtlara yerle\u015ftirilen [&hellip;]","og_url":"https:\/\/silayolusevenler.nl\/wp\/turkiye\/aydinda-vatandaslari-duygulandiran-anonslar\/","og_site_name":"S\u0131la Yolu Sevenler","article_published_time":"2020-04-07T09:01:25+00:00","article_modified_time":"2020-04-10T18:49:33+00:00","og_image":[{"width":800,"height":450,"url":"https:\/\/silayolusevenler.nl\/wp\/wp-content\/uploads\/2020\/04\/aydin1.jpg","type":"image\/jpeg"}],"author":"SYS Edit\u00f6r","twitter_card":"summary_large_image","twitter_misc":{"Yazan:":"SYS Edit\u00f6r","Tahmini okuma s\u00fcresi":"2 dakika"},"schema":{"@context":"https:\/\/schema.org","@graph":[{"@type":"Article","@id":"https:\/\/silayolusevenler.nl\/wp\/turkiye\/aydinda-vatandaslari-duygulandiran-anonslar\/#article","isPartOf":{"@id":"https:\/\/silayolusevenler.nl\/wp\/turkiye\/aydinda-vatandaslari-duygulandiran-anonslar\/"},"author":{"name":"SYS Edit\u00f6r","@id":"https:\/\/silayolusevenler.nl\/wp\/#\/schema\/person\/dbcd6e993af8a999b044c73a7e54e1e3"},"headline":"Ayd\u0131n&#8217;da vatanda\u015flar\u0131 duyguland\u0131ran anonslar","datePublished":"2020-04-07T09:01:25+00:00","dateModified":"2020-04-10T18:49:33+00:00","mainEntityOfPage":{"@id":"https:\/\/silayolusevenler.nl\/wp\/turkiye\/aydinda-vatandaslari-duygulandiran-anonslar\/"},"wordCount":439,"commentCount":0,"publisher":{"@id":"https:\/\/silayolusevenler.nl\/wp\/#\/schema\/person\/dbcd6e993af8a999b044c73a7e54e1e3"},"image":{"@id":"https:\/\/silayolusevenler.nl\/wp\/turkiye\/aydinda-vatandaslari-duygulandiran-anonslar\/#primaryimage"},"thumbnailUrl":"https:\/\/silayolusevenler.nl\/wp\/wp-content\/uploads\/2020\/04\/aydin1.jpg","keywords":["Gurbet\u00e7iler","Korona","SYS","T\u00fcrkiye"],"articleSection":["T\u00fcrkiye"],"inLanguage":"tr","potentialAction":[{"@type":"CommentAction","name":"Comment","target":["https:\/\/silayolusevenler.nl\/wp\/turkiye\/aydinda-vatandaslari-duygulandiran-anonslar\/#respond"]}]},{"@type":"WebPage","@id":"https:\/\/silayolusevenler.nl\/wp\/turkiye\/aydinda-vatandaslari-duygulandiran-anonslar\/","url":"https:\/\/silayolusevenler.nl\/wp\/turkiye\/aydinda-vatandaslari-duygulandiran-anonslar\/","name":"Ayd\u0131n'da vatanda\u015flar\u0131 duyguland\u0131ran anonslar - S\u0131la Yolu Sevenler","isPartOf":{"@id":"https:\/\/silayolusevenler.nl\/wp\/#website"},"primaryImageOfPage":{"@id":"https:\/\/silayolusevenler.nl\/wp\/turkiye\/aydinda-vatandaslari-duygulandiran-anonslar\/#primaryimage"},"image":{"@id":"https:\/\/silayolusevenler.nl\/wp\/turkiye\/aydinda-vatandaslari-duygulandiran-anonslar\/#primaryimage"},"thumbnailUrl":"https:\/\/silayolusevenler.nl\/wp\/wp-content\/uploads\/2020\/04\/aydin1.jpg","datePublished":"2020-04-07T09:01:25+00:00","dateModified":"2020-04-10T18:49:33+00:00","breadcrumb":{"@id":"https:\/\/silayolusevenler.nl\/wp\/turkiye\/aydinda-vatandaslari-duygulandiran-anonslar\/#breadcrumb"},"inLanguage":"tr","potentialAction":[{"@type":"ReadAction","target":["https:\/\/silayolusevenler.nl\/wp\/turkiye\/aydinda-vatandaslari-duygulandiran-anonslar\/"]}]},{"@type":"ImageObject","inLanguage":"tr","@id":"https:\/\/silayolusevenler.nl\/wp\/turkiye\/aydinda-vatandaslari-duygulandiran-anonslar\/#primaryimage","url":"https:\/\/silayolusevenler.nl\/wp\/wp-content\/uploads\/2020\/04\/aydin1.jpg","contentUrl":"https:\/\/silayolusevenler.nl\/wp\/wp-content\/uploads\/2020\/04\/aydin1.jpg","width":800,"height":450},{"@type":"BreadcrumbList","@id":"https:\/\/silayolusevenler.nl\/wp\/turkiye\/aydinda-vatandaslari-duygulandiran-anonslar\/#breadcrumb","itemListElement":[{"@type":"ListItem","position":1,"name":"Home","item":"https:\/\/silayolusevenler.nl\/wp\/"},{"@type":"ListItem","position":2,"name":"Ayd\u0131n&#8217;da vatanda\u015flar\u0131 duyguland\u0131ran anonslar"}]},{"@type":"WebSite","@id":"https:\/\/silayolusevenler.nl\/wp\/#website","url":"https:\/\/silayolusevenler.nl\/wp\/","name":"S\u0131la Yolu Sevenler","description":"Yaln\u0131z De\u011filsiniz","publisher":{"@id":"https:\/\/silayolusevenler.nl\/wp\/#\/schema\/person\/dbcd6e993af8a999b044c73a7e54e1e3"},"potentialAction":[{"@type":"SearchAction","target":{"@type":"EntryPoint","urlTemplate":"https:\/\/silayolusevenler.nl\/wp\/?s={search_term_string}"},"query-input":{"@type":"PropertyValueSpecification","valueRequired":true,"valueName":"search_term_string"}}],"inLanguage":"tr"},{"@type":["Person","Organization"],"@id":"https:\/\/silayolusevenler.nl\/wp\/#\/schema\/person\/dbcd6e993af8a999b044c73a7e54e1e3","name":"SYS Edit\u00f6r","logo":{"@id":"https:\/\/silayolusevenler.nl\/wp\/#\/schema\/person\/image\/"}}]}},"jetpack_featured_media_url":"https:\/\/silayolusevenler.nl\/wp\/wp-content\/uploads\/2020\/04\/aydin1.jpg","jetpack_sharing_enabled":true,"_links":{"self":[{"href":"https:\/\/silayolusevenler.nl\/wp\/wp-json\/wp\/v2\/posts\/1788","targetHints":{"allow":["GET"]}}],"collection":[{"href":"https:\/\/silayolusevenler.nl\/wp\/wp-json\/wp\/v2\/posts"}],"about":[{"href":"https:\/\/silayolusevenler.nl\/wp\/wp-json\/wp\/v2\/types\/post"}],"author":[{"embeddable":true,"href":"https:\/\/silayolusevenler.nl\/wp\/wp-json\/wp\/v2\/users\/1"}],"replies":[{"embeddable":true,"href":"https:\/\/silayolusevenler.nl\/wp\/wp-json\/wp\/v2\/comments?post=1788"}],"version-history":[{"count":2,"href":"https:\/\/silayolusevenler.nl\/wp\/wp-json\/wp\/v2\/posts\/1788\/revisions"}],"predecessor-version":[{"id":1791,"href":"https:\/\/silayolusevenler.nl\/wp\/wp-json\/wp\/v2\/posts\/1788\/revisions\/1791"}],"wp:featuredmedia":[{"embeddable":true,"href":"https:\/\/silayolusevenler.nl\/wp\/wp-json\/wp\/v2\/media\/1789"}],"wp:attachment":[{"href":"https:\/\/silayolusevenler.nl\/wp\/wp-json\/wp\/v2\/media?parent=1788"}],"wp:term":[{"taxonomy":"category","embeddable":true,"href":"https:\/\/silayolusevenler.nl\/wp\/wp-json\/wp\/v2\/categories?post=1788"},{"taxonomy":"post_tag","embeddable":true,"href":"https:\/\/silayolusevenler.nl\/wp\/wp-json\/wp\/v2\/tags?post=1788"}],"curies":[{"name":"wp","href":"https:\/\/api.w.org\/{rel}","templated":true}]}}