{"id":4158,"date":"2020-07-24T00:36:56","date_gmt":"2020-07-23T22:36:56","guid":{"rendered":"https:\/\/www.silayolusevenler.com\/?p=4158"},"modified":"2020-07-24T00:40:59","modified_gmt":"2020-07-23T22:40:59","slug":"yabanci-plakalardaki-hgs-sorunu-cozuldu","status":"publish","type":"post","link":"https:\/\/silayolusevenler.nl\/wp\/guncel\/yabanci-plakalardaki-hgs-sorunu-cozuldu\/","title":{"rendered":"Yabanc\u0131 Plakalardaki HGS Sorunu \u00c7\u00f6z\u00fcld\u00fc"},"content":{"rendered":"\n<h3 class=\"wp-block-heading\">Yabanc\u0131 Plakalardaki HGS Sorunu \u00c7\u00f6z\u00fcld\u00fc<\/h3>\n\n\n\n<hr class=\"wp-block-separator\"\/>\n\n\n\n<p>AK Parti \u0130stanbul Milletvekili, TBMM Yurtd\u0131\u015f\u0131 T\u00fcrkler ve Akraba Topluluklar Alt Komisyonu Ba\u015fkan Zafer S\u0131rakaya, yabanc\u0131 plakal\u0131 ara\u00e7lar\u0131yla \u00fccretli otoyollar\u0131ndan ge\u00e7i\u015f yapan vatanda\u015flara uygulanan cezai yapt\u0131r\u0131mlara ili\u015fkin verilen kanun teklifi ile ilgili yaz\u0131l\u0131 a\u00e7\u0131klama yapt\u0131.<\/p>\n\n\n\n<p>Resmi gazetede yay\u0131mland\u0131ktan sonra kanun y\u00fcr\u00fcrl\u00fc\u011fe girecek.<\/p>\n\n\n\n<h4 class=\"wp-block-heading\">Sar\u0131kaya\u2019n\u0131n yapt\u0131\u011f\u0131 bas\u0131n a\u00e7\u0131klamas\u0131 \u015fu \u015fekilde.<\/h4>\n\n\n\n<h5 class=\"wp-block-heading\">Yabanc\u0131 Plakal\u0131 Ara\u00e7lar\u0131yla \u00dccretli Otoyollardan Ge\u00e7i\u015f Yapan Vatanda\u015flar\u0131m\u0131za Uygulanan Cezai Yapt\u0131r\u0131mlara \u0130li\u015fkin Verdi\u011fimiz Kanun Teklifi \u0130le \u0130lgili Bas\u0131n A\u00e7\u0131klamam\u0131z<\/h5>\n\n\n\n<p>Sayg\u0131de\u011fer b\u00fcy\u00fcklerim,<br>K\u0131ymetli karde\u015flerim,<\/p>\n\n\n\n<p>Sizlere verdi\u011fimiz t\u00fcm s\u00f6zleri tutuyor, ya\u015fad\u0131\u011f\u0131n\u0131z t\u00fcm sorunlar\u0131n \u00e7\u00f6z\u00fcm\u00fcne ili\u015fkin \u00e7al\u0131\u015fmalar\u0131m\u0131za h\u0131z kesmeden devam ediyoruz.<\/p>\n\n\n\n<p>Yurtd\u0131\u015f\u0131ndan ara\u00e7lar\u0131yla memleketlerine gelen vatanda\u015flar\u0131m\u0131z\u0131n \u00fccretli karayollar\u0131ndan \u00f6deme yapmadan ge\u00e7i\u015f yapmalar\u0131 halinde kendilerine uygulanan cezai \u015fartlar\u0131n T\u00fcrk plakal\u0131 ara\u00e7larla ayn\u0131 olmas\u0131 i\u00e7in yapt\u0131\u011f\u0131m\u0131z \u00e7al\u0131\u015fmalara son noktay\u0131 koyduk.<\/p>\n\n\n\n<h5 class=\"wp-block-heading\">Sizler memleketinizin vazge\u00e7ilmez bir par\u00e7as\u0131, b\u00fcy\u00fck T\u00fcrkiye\u2019nin yurtd\u0131\u015f\u0131ndaki asli temsilcilerisiniz&#8230;<\/h5>\n\n\n\n<p>B\u00fcy\u00fck fedakarl\u0131klara geldi\u011finiz Ana Vatan\u0131n\u0131zda ayr\u0131mc\u0131l\u0131\u011fa tabi tutulman\u0131za asla g\u00f6z yummayacak, verdi\u011fimiz s\u00f6z \u00fczeri her zaman sizlerin yan\u0131n\u0131zda olaca\u011f\u0131z.<\/p>\n\n\n\n<p>T\u00fcrkiye\u2019de bulunduklar\u0131 yabanc\u0131 plakal\u0131 ara\u00e7lar\u0131yla \u00fccretli otoyollardan \u00fccret \u00f6demeden ge\u00e7i\u015f yapan vatanda\u015flar\u0131m\u0131za uygulanan cezai yapt\u0131r\u0131mlarla ilgili \u015fahs\u0131m\u0131za ve TBMM Yurtd\u0131\u015f\u0131 T\u00fcrkler ve Akraba Topluluklar Alt Komisyonumuza gelen \u015fikayetler \u00fczerine Ula\u015ft\u0131rma Bakanl\u0131\u011f\u0131 ve ilgili genel m\u00fcd\u00fcrl\u00fcklerle yapt\u0131\u011f\u0131m\u0131z g\u00f6r\u00fc\u015fmeler neticesinde;<\/p>\n\n\n\n<p>Yabanc\u0131 plakal\u0131 ara\u00e7lar\u0131n da T\u00fcrk plakal\u0131 ara\u00e7lar gibi 15 g\u00fcn i\u00e7erisinde \u00fccretsiz olarak yapt\u0131klar\u0131 ge\u00e7i\u015fin \u00fccretlerini \u00f6demeleri halinde cezai yapt\u0131r\u0131ma tabi tutulmamalar\u0131n\u0131n \u00f6n\u00fcn\u00fc a\u00e7m\u0131\u015ft\u0131k.<\/p>\n\n\n\n<p>Yabanc\u0131 plakal\u0131 ara\u00e7 sahibi vatanda\u015flar\u0131m\u0131z\u0131 yak\u0131ndan ilgilendiren ve ma\u011fdur olmalar\u0131na neden olan uygulaman\u0131n sona erdi\u011fini de 27\/04\/2020 tarihinde yapt\u0131\u011f\u0131m\u0131z a\u00e7\u0131klamayla kamuoyuyla payla\u015fm\u0131\u015ft\u0131k.<\/p>\n\n\n\n<p>Fakat daha sonraki s\u00fcre\u00e7te karayollar\u0131nda cezai \u015fartlar\u0131 d\u00fczenleyen kanun maddesinin yeterince a\u00e7\u0131k olmamas\u0131ndan dolay\u0131 ayn\u0131 sorunun devam etti\u011fini fark ettik.<\/p>\n\n\n\n<p>Karayollar\u0131nda ya\u015fanan bu ma\u011fduriyetin genelge ile \u00e7\u00f6z\u00fclemeyece\u011fini ilgili kanun maddesinin yeniden d\u00fczenlenmesi gerekti\u011fini tespit ederek, Karayollar\u0131 Genel M\u00fcd\u00fcrl\u00fc\u011f\u00fc Hizmetleri Hakk\u0131ndaki Kanun\u2019un otoyollar\u0131ndan \u00fccretsiz ge\u00e7i\u015f yapan yabanc\u0131 plakal\u0131 ara\u00e7lara uygulanacak cezai \u015fartlar\u0131 d\u00fczenleyen f\u0131kras\u0131n\u0131 yeniden d\u00fczenleyen bir yasa de\u011fi\u015fikli\u011fi teklifi haz\u0131rlad\u0131k.<\/p>\n\n\n\n<p>Yurtd\u0131\u015f\u0131ndan gelen vatanda\u015flar\u0131m\u0131z\u0131 rahats\u0131z eden ve bizleri de \u00fczen d\u00fczenlemenin kal\u0131c\u0131 olarak \u00e7\u00f6z\u00fcm\u00fc i\u00e7in haz\u0131rlad\u0131\u011f\u0131m\u0131z yasa de\u011fi\u015fikli\u011fi teklifimiz AK Parti Grubumuzda kabul edilip, \u201c\u0130\u015fsizlik Sigortas\u0131 Kanunu ile Baz\u0131 Kanunlarda De\u011fi\u015fiklik Yap\u0131lmas\u0131 Hakk\u0131nda Kanun Teklifi\u2019ne eklenerek TBMM Plan ve B\u00fct\u00e7e Komisyonu\u2019nda g\u00f6r\u00fc\u015f\u00fcl\u00fcp Meclis Genel Kurulu\u2019na sevk edildi.<\/p>\n\n\n\n<p>TBMM Genel Kurulu\u2019nda kabul edilen \u201c\u0130\u015fsizlik Sigortas\u0131 Kanunu ile Baz\u0131 Kanunlarda De\u011fi\u015fiklik Yap\u0131lmas\u0131 Hakk\u0131nda Kanun Teklifi\u201d i\u00e7inde yer alan ve yurtd\u0131\u015f\u0131ndan ara\u00e7lar\u0131yla gelen vatanda\u015flar\u0131m\u0131z i\u00e7in verdi\u011fimiz yasa de\u011fi\u015fikli\u011fi teklifi ile ama\u00e7lad\u0131\u011f\u0131m\u0131z;<\/p>\n\n\n\n<h5 class=\"wp-block-heading\">\u201cYabanc\u0131 plakal\u0131 ara\u00e7lar \u00fccretli otoyol ve k\u00f6pr\u00fclerden \u00f6demesiz ge\u00e7i\u015f yapt\u0131ktan sonra ge\u00e7i\u015f tarihini izleyen 15 g\u00fcn i\u00e7erisinde ge\u00e7i\u015f \u00fccretini \u00f6demeleri halinde T\u00fcrk plakal\u0131 ara\u00e7lar gibi herhangi bir cezai yapt\u0131r\u0131ma tabi tutulmayacak idari para cezas\u0131 uygulanmayacakt\u0131r\u201d<\/h5>\n\n\n\n<p>Yurtd\u0131\u015f\u0131nda ya\u015fayan ve memleketleriyle ba\u011flar\u0131n\u0131 koparmamak i\u00e7in her f\u0131rsatta anavatanlar\u0131na gelerek s\u0131la-i rahim yapan, evlatlar\u0131na T\u00fcrkiye sevdas\u0131n\u0131 a\u015f\u0131layan vatanda\u015flar\u0131m\u0131z\u0131 \u00f6teki olarak g\u00f6rmemiz, onlar\u0131 kendimizden ay\u0131rmam\u0131z m\u00fcmk\u00fcn de\u011fildir.<\/p>\n\n\n\n<p>Bu d\u00fc\u015f\u00fcncelerle haz\u0131rlad\u0131\u011f\u0131m\u0131z ve TBMM\u2019de kabul edilen yasa de\u011fi\u015fikli\u011fi teklifimiz hay\u0131rl\u0131 u\u011furlu olsun&#8230;<\/p>\n\n\n\n<p>Bizler hem Milletvekili hem de sizlerin sorunlar\u0131na TBMM\u2019de \u00e7\u00f6z\u00fcm \u00fcretmek i\u00e7in kurulmas\u0131na \u00f6n ayak olarak ba\u015fkanl\u0131\u011f\u0131n\u0131 \u00fcstlendi\u011fimiz TBMM Yurtd\u0131\u015f\u0131 T\u00fcrkler ve Akraba Topluluklar Alt Komisyonu olarak her zaman sizlerin yan\u0131nda olaca\u011f\u0131m\u0131zdan hi\u00e7 \u015f\u00fcpheniz olmas\u0131n.<\/p>\n\n\n\n<p>D\u00fcnyay\u0131 etkisi alt\u0131na&nbsp; alan&nbsp; Pandemi&nbsp; s\u00fcrecinde &nbsp;de&nbsp; sizlerin&nbsp; sa\u011fl\u0131k&nbsp; ve&nbsp; g\u00fcvenle&nbsp; memleketlerinize gelip\/d\u00f6nmeniz i\u00e7in t\u00fcm kurum ve kurulu\u015flar\u0131m\u0131zla gerekli t\u00fcm \u00f6nlemleri ald\u0131\u011f\u0131m\u0131z\u0131n alt\u0131n\u0131 bir defa daha \u00e7iziyor, sa\u011fl\u0131kl\u0131 g\u00fcnlerde g\u00f6r\u00fc\u015fmek \u00fczere hepinizi Allah\u2019a emanet ediyorum.<\/p>\n\n\n\n<p>Allah yar ve yard\u0131mc\u0131m\u0131z olsun.<\/p>\n\n\n\n<p>Sayg\u0131lar\u0131mla.<\/p>\n\n\n\n<p>Zafer S\u0131rakaya<br>AK Parti \u0130stanbul Milletvekili<br>TBMM Yurtd\u0131\u015f\u0131 T\u00fcrkler ve Akraba Topluluklar Alt Komisyonu Ba\u015fkan\u0131<\/p>\n\n\n\n<p><a href=\"https:\/\/silayolusevenler.nl\/wp\/?p=4158&amp;preview=true&amp;_thumbnail_id=4160\">Voorbeeld(opent in een nieuwe tab)<\/a><\/p>\n\n\n\n<figure class=\"wp-block-gallery columns-2 is-cropped wp-block-gallery-1 is-layout-flex wp-block-gallery-is-layout-flex\"><ul class=\"blocks-gallery-grid\"><li class=\"blocks-gallery-item\"><figure><a href=\"https:\/\/silayolusevenler.nl\/wp\/wp-content\/uploads\/2020\/07\/2020-07-24_0-34-31.jpg\"><img loading=\"lazy\" decoding=\"async\" width=\"736\" height=\"1024\" src=\"https:\/\/silayolusevenler.nl\/wp\/wp-content\/uploads\/2020\/07\/2020-07-24_0-34-31-736x1024.jpg\" alt=\"\" data-id=\"4162\" data-full-url=\"https:\/\/silayolusevenler.nl\/wp\/wp-content\/uploads\/2020\/07\/2020-07-24_0-34-31.jpg\" data-link=\"https:\/\/silayolusevenler.nl\/wp\/?attachment_id=4162\" class=\"wp-image-4162\" srcset=\"https:\/\/silayolusevenler.nl\/wp\/wp-content\/uploads\/2020\/07\/2020-07-24_0-34-31-736x1024.jpg 736w, https:\/\/silayolusevenler.nl\/wp\/wp-content\/uploads\/2020\/07\/2020-07-24_0-34-31-216x300.jpg 216w, https:\/\/silayolusevenler.nl\/wp\/wp-content\/uploads\/2020\/07\/2020-07-24_0-34-31-768x1068.jpg 768w, https:\/\/silayolusevenler.nl\/wp\/wp-content\/uploads\/2020\/07\/2020-07-24_0-34-31.jpg 992w\" sizes=\"auto, (max-width: 736px) 100vw, 736px\" \/><\/a><\/figure><\/li><li class=\"blocks-gallery-item\"><figure><a href=\"https:\/\/silayolusevenler.nl\/wp\/wp-content\/uploads\/2020\/07\/2020-07-24_0-34-00.jpg\"><img loading=\"lazy\" decoding=\"async\" width=\"731\" height=\"1024\" src=\"https:\/\/silayolusevenler.nl\/wp\/wp-content\/uploads\/2020\/07\/2020-07-24_0-34-00-731x1024.jpg\" alt=\"\" data-id=\"4163\" data-full-url=\"https:\/\/silayolusevenler.nl\/wp\/wp-content\/uploads\/2020\/07\/2020-07-24_0-34-00.jpg\" data-link=\"https:\/\/silayolusevenler.nl\/wp\/?attachment_id=4163\" class=\"wp-image-4163\" srcset=\"https:\/\/silayolusevenler.nl\/wp\/wp-content\/uploads\/2020\/07\/2020-07-24_0-34-00-731x1024.jpg 731w, https:\/\/silayolusevenler.nl\/wp\/wp-content\/uploads\/2020\/07\/2020-07-24_0-34-00-214x300.jpg 214w, https:\/\/silayolusevenler.nl\/wp\/wp-content\/uploads\/2020\/07\/2020-07-24_0-34-00-768x1076.jpg 768w, https:\/\/silayolusevenler.nl\/wp\/wp-content\/uploads\/2020\/07\/2020-07-24_0-34-00.jpg 990w\" sizes=\"auto, (max-width: 731px) 100vw, 731px\" \/><\/a><\/figure><\/li><li class=\"blocks-gallery-item\"><figure><a href=\"https:\/\/silayolusevenler.nl\/wp\/wp-content\/uploads\/2020\/07\/115750308_306333747181767_5399535695641369738_o.jpg\"><img loading=\"lazy\" decoding=\"async\" width=\"683\" height=\"960\" src=\"https:\/\/silayolusevenler.nl\/wp\/wp-content\/uploads\/2020\/07\/115750308_306333747181767_5399535695641369738_o.jpg\" alt=\"\" data-id=\"4164\" data-full-url=\"https:\/\/silayolusevenler.nl\/wp\/wp-content\/uploads\/2020\/07\/115750308_306333747181767_5399535695641369738_o.jpg\" data-link=\"https:\/\/silayolusevenler.nl\/wp\/?attachment_id=4164\" class=\"wp-image-4164\" srcset=\"https:\/\/silayolusevenler.nl\/wp\/wp-content\/uploads\/2020\/07\/115750308_306333747181767_5399535695641369738_o.jpg 683w, https:\/\/silayolusevenler.nl\/wp\/wp-content\/uploads\/2020\/07\/115750308_306333747181767_5399535695641369738_o-213x300.jpg 213w\" sizes=\"auto, (max-width: 683px) 100vw, 683px\" \/><\/a><\/figure><\/li><li class=\"blocks-gallery-item\"><figure><a href=\"https:\/\/silayolusevenler.nl\/wp\/wp-content\/uploads\/2020\/07\/110881161_306333703848438_6612570373848924948_o.jpg\"><img loading=\"lazy\" decoding=\"async\" width=\"683\" height=\"960\" src=\"https:\/\/silayolusevenler.nl\/wp\/wp-content\/uploads\/2020\/07\/110881161_306333703848438_6612570373848924948_o.jpg\" alt=\"\" data-id=\"4165\" data-full-url=\"https:\/\/silayolusevenler.nl\/wp\/wp-content\/uploads\/2020\/07\/110881161_306333703848438_6612570373848924948_o.jpg\" data-link=\"https:\/\/silayolusevenler.nl\/wp\/?attachment_id=4165\" class=\"wp-image-4165\" srcset=\"https:\/\/silayolusevenler.nl\/wp\/wp-content\/uploads\/2020\/07\/110881161_306333703848438_6612570373848924948_o.jpg 683w, https:\/\/silayolusevenler.nl\/wp\/wp-content\/uploads\/2020\/07\/110881161_306333703848438_6612570373848924948_o-213x300.jpg 213w\" sizes=\"auto, (max-width: 683px) 100vw, 683px\" \/><\/a><\/figure><\/li><\/ul><\/figure>\n\n\n\n<hr class=\"wp-block-separator\"\/>\n","protected":false},"excerpt":{"rendered":"<p>Yabanc\u0131 Plakalardaki HGS Sorunu \u00c7\u00f6z\u00fcld\u00fc AK Parti \u0130stanbul Milletvekili, TBMM Yurtd\u0131\u015f\u0131 T\u00fcrkler ve Akraba Topluluklar Alt Komisyonu Ba\u015fkan Zafer S\u0131rakaya, yabanc\u0131 plakal\u0131 ara\u00e7lar\u0131yla \u00fccretli otoyollar\u0131ndan ge\u00e7i\u015f yapan vatanda\u015flara uygulanan cezai yapt\u0131r\u0131mlara ili\u015fkin verilen kanun teklifi ile ilgili yaz\u0131l\u0131 a\u00e7\u0131klama yapt\u0131. Resmi gazetede yay\u0131mland\u0131ktan sonra kanun y\u00fcr\u00fcrl\u00fc\u011fe girecek. Sar\u0131kaya\u2019n\u0131n yapt\u0131\u011f\u0131 bas\u0131n a\u00e7\u0131klamas\u0131 \u015fu \u015fekilde. Yabanc\u0131 Plakal\u0131 [&hellip;]<\/p>\n","protected":false},"author":1,"featured_media":4160,"comment_status":"open","ping_status":"open","sticky":false,"template":"","format":"standard","meta":{"_exactmetrics_skip_tracking":false,"_exactmetrics_sitenote_active":false,"_exactmetrics_sitenote_note":"","_exactmetrics_sitenote_category":0,"_jetpack_memberships_contains_paid_content":false,"footnotes":""},"categories":[1],"tags":[],"class_list":{"0":"post-4158","1":"post","2":"type-post","3":"status-publish","4":"format-standard","5":"has-post-thumbnail","7":"category-guncel"},"yoast_head":"<!-- This site is optimized with the Yoast SEO plugin v24.9 - https:\/\/yoast.com\/wordpress\/plugins\/seo\/ -->\n<title>Yabanc\u0131 Plakalardaki HGS Sorunu \u00c7\u00f6z\u00fcld\u00fc - S\u0131la Yolu Sevenler<\/title>\n<meta name=\"robots\" content=\"index, follow, max-snippet:-1, max-image-preview:large, max-video-preview:-1\" \/>\n<link rel=\"canonical\" href=\"https:\/\/silayolusevenler.nl\/wp\/guncel\/yabanci-plakalardaki-hgs-sorunu-cozuldu\/\" \/>\n<meta property=\"og:locale\" content=\"tr_TR\" \/>\n<meta property=\"og:type\" content=\"article\" \/>\n<meta property=\"og:title\" content=\"Yabanc\u0131 Plakalardaki HGS Sorunu \u00c7\u00f6z\u00fcld\u00fc - S\u0131la Yolu Sevenler\" \/>\n<meta property=\"og:description\" content=\"Yabanc\u0131 Plakalardaki HGS Sorunu \u00c7\u00f6z\u00fcld\u00fc AK Parti \u0130stanbul Milletvekili, TBMM Yurtd\u0131\u015f\u0131 T\u00fcrkler ve Akraba Topluluklar Alt Komisyonu Ba\u015fkan Zafer S\u0131rakaya, yabanc\u0131 plakal\u0131 ara\u00e7lar\u0131yla \u00fccretli otoyollar\u0131ndan ge\u00e7i\u015f yapan vatanda\u015flara uygulanan cezai yapt\u0131r\u0131mlara ili\u015fkin verilen kanun teklifi ile ilgili yaz\u0131l\u0131 a\u00e7\u0131klama yapt\u0131. Resmi gazetede yay\u0131mland\u0131ktan sonra kanun y\u00fcr\u00fcrl\u00fc\u011fe girecek. Sar\u0131kaya\u2019n\u0131n yapt\u0131\u011f\u0131 bas\u0131n a\u00e7\u0131klamas\u0131 \u015fu \u015fekilde. Yabanc\u0131 Plakal\u0131 [&hellip;]\" \/>\n<meta property=\"og:url\" content=\"https:\/\/silayolusevenler.nl\/wp\/guncel\/yabanci-plakalardaki-hgs-sorunu-cozuldu\/\" \/>\n<meta property=\"og:site_name\" content=\"S\u0131la Yolu Sevenler\" \/>\n<meta property=\"article:published_time\" content=\"2020-07-23T22:36:56+00:00\" \/>\n<meta property=\"article:modified_time\" content=\"2020-07-23T22:40:59+00:00\" \/>\n<meta property=\"og:image\" content=\"https:\/\/silayolusevenler.nl\/wp\/wp-content\/uploads\/2020\/07\/hgs-sorun.jpg\" \/>\n\t<meta property=\"og:image:width\" content=\"1024\" \/>\n\t<meta property=\"og:image:height\" content=\"576\" \/>\n\t<meta property=\"og:image:type\" content=\"image\/jpeg\" \/>\n<meta name=\"author\" content=\"SYS Edit\u00f6r\" \/>\n<meta name=\"twitter:card\" content=\"summary_large_image\" \/>\n<meta name=\"twitter:label1\" content=\"Yazan:\" \/>\n\t<meta name=\"twitter:data1\" content=\"SYS Edit\u00f6r\" \/>\n\t<meta name=\"twitter:label2\" content=\"Tahmini okuma s\u00fcresi\" \/>\n\t<meta name=\"twitter:data2\" content=\"4 dakika\" \/>\n<script type=\"application\/ld+json\" class=\"yoast-schema-graph\">{\"@context\":\"https:\/\/schema.org\",\"@graph\":[{\"@type\":\"Article\",\"@id\":\"https:\/\/silayolusevenler.nl\/wp\/guncel\/yabanci-plakalardaki-hgs-sorunu-cozuldu\/#article\",\"isPartOf\":{\"@id\":\"https:\/\/silayolusevenler.nl\/wp\/guncel\/yabanci-plakalardaki-hgs-sorunu-cozuldu\/\"},\"author\":{\"name\":\"SYS Edit\u00f6r\",\"@id\":\"https:\/\/silayolusevenler.nl\/wp\/#\/schema\/person\/dbcd6e993af8a999b044c73a7e54e1e3\"},\"headline\":\"Yabanc\u0131 Plakalardaki HGS Sorunu \u00c7\u00f6z\u00fcld\u00fc\",\"datePublished\":\"2020-07-23T22:36:56+00:00\",\"dateModified\":\"2020-07-23T22:40:59+00:00\",\"mainEntityOfPage\":{\"@id\":\"https:\/\/silayolusevenler.nl\/wp\/guncel\/yabanci-plakalardaki-hgs-sorunu-cozuldu\/\"},\"wordCount\":866,\"commentCount\":4,\"publisher\":{\"@id\":\"https:\/\/silayolusevenler.nl\/wp\/#\/schema\/person\/dbcd6e993af8a999b044c73a7e54e1e3\"},\"image\":{\"@id\":\"https:\/\/silayolusevenler.nl\/wp\/guncel\/yabanci-plakalardaki-hgs-sorunu-cozuldu\/#primaryimage\"},\"thumbnailUrl\":\"https:\/\/silayolusevenler.nl\/wp\/wp-content\/uploads\/2020\/07\/hgs-sorun.jpg\",\"articleSection\":[\"G\u00fcndem\"],\"inLanguage\":\"tr\",\"potentialAction\":[{\"@type\":\"CommentAction\",\"name\":\"Comment\",\"target\":[\"https:\/\/silayolusevenler.nl\/wp\/guncel\/yabanci-plakalardaki-hgs-sorunu-cozuldu\/#respond\"]}]},{\"@type\":\"WebPage\",\"@id\":\"https:\/\/silayolusevenler.nl\/wp\/guncel\/yabanci-plakalardaki-hgs-sorunu-cozuldu\/\",\"url\":\"https:\/\/silayolusevenler.nl\/wp\/guncel\/yabanci-plakalardaki-hgs-sorunu-cozuldu\/\",\"name\":\"Yabanc\u0131 Plakalardaki HGS Sorunu \u00c7\u00f6z\u00fcld\u00fc - S\u0131la Yolu Sevenler\",\"isPartOf\":{\"@id\":\"https:\/\/silayolusevenler.nl\/wp\/#website\"},\"primaryImageOfPage\":{\"@id\":\"https:\/\/silayolusevenler.nl\/wp\/guncel\/yabanci-plakalardaki-hgs-sorunu-cozuldu\/#primaryimage\"},\"image\":{\"@id\":\"https:\/\/silayolusevenler.nl\/wp\/guncel\/yabanci-plakalardaki-hgs-sorunu-cozuldu\/#primaryimage\"},\"thumbnailUrl\":\"https:\/\/silayolusevenler.nl\/wp\/wp-content\/uploads\/2020\/07\/hgs-sorun.jpg\",\"datePublished\":\"2020-07-23T22:36:56+00:00\",\"dateModified\":\"2020-07-23T22:40:59+00:00\",\"breadcrumb\":{\"@id\":\"https:\/\/silayolusevenler.nl\/wp\/guncel\/yabanci-plakalardaki-hgs-sorunu-cozuldu\/#breadcrumb\"},\"inLanguage\":\"tr\",\"potentialAction\":[{\"@type\":\"ReadAction\",\"target\":[\"https:\/\/silayolusevenler.nl\/wp\/guncel\/yabanci-plakalardaki-hgs-sorunu-cozuldu\/\"]}]},{\"@type\":\"ImageObject\",\"inLanguage\":\"tr\",\"@id\":\"https:\/\/silayolusevenler.nl\/wp\/guncel\/yabanci-plakalardaki-hgs-sorunu-cozuldu\/#primaryimage\",\"url\":\"https:\/\/silayolusevenler.nl\/wp\/wp-content\/uploads\/2020\/07\/hgs-sorun.jpg\",\"contentUrl\":\"https:\/\/silayolusevenler.nl\/wp\/wp-content\/uploads\/2020\/07\/hgs-sorun.jpg\",\"width\":1024,\"height\":576},{\"@type\":\"BreadcrumbList\",\"@id\":\"https:\/\/silayolusevenler.nl\/wp\/guncel\/yabanci-plakalardaki-hgs-sorunu-cozuldu\/#breadcrumb\",\"itemListElement\":[{\"@type\":\"ListItem\",\"position\":1,\"name\":\"Home\",\"item\":\"https:\/\/silayolusevenler.nl\/wp\/\"},{\"@type\":\"ListItem\",\"position\":2,\"name\":\"Yabanc\u0131 Plakalardaki HGS Sorunu \u00c7\u00f6z\u00fcld\u00fc\"}]},{\"@type\":\"WebSite\",\"@id\":\"https:\/\/silayolusevenler.nl\/wp\/#website\",\"url\":\"https:\/\/silayolusevenler.nl\/wp\/\",\"name\":\"S\u0131la Yolu Sevenler\",\"description\":\"Yaln\u0131z De\u011filsiniz\",\"publisher\":{\"@id\":\"https:\/\/silayolusevenler.nl\/wp\/#\/schema\/person\/dbcd6e993af8a999b044c73a7e54e1e3\"},\"potentialAction\":[{\"@type\":\"SearchAction\",\"target\":{\"@type\":\"EntryPoint\",\"urlTemplate\":\"https:\/\/silayolusevenler.nl\/wp\/?s={search_term_string}\"},\"query-input\":{\"@type\":\"PropertyValueSpecification\",\"valueRequired\":true,\"valueName\":\"search_term_string\"}}],\"inLanguage\":\"tr\"},{\"@type\":[\"Person\",\"Organization\"],\"@id\":\"https:\/\/silayolusevenler.nl\/wp\/#\/schema\/person\/dbcd6e993af8a999b044c73a7e54e1e3\",\"name\":\"SYS Edit\u00f6r\",\"logo\":{\"@id\":\"https:\/\/silayolusevenler.nl\/wp\/#\/schema\/person\/image\/\"}}]}<\/script>\n<!-- \/ Yoast SEO plugin. -->","yoast_head_json":{"title":"Yabanc\u0131 Plakalardaki HGS Sorunu \u00c7\u00f6z\u00fcld\u00fc - S\u0131la Yolu Sevenler","robots":{"index":"index","follow":"follow","max-snippet":"max-snippet:-1","max-image-preview":"max-image-preview:large","max-video-preview":"max-video-preview:-1"},"canonical":"https:\/\/silayolusevenler.nl\/wp\/guncel\/yabanci-plakalardaki-hgs-sorunu-cozuldu\/","og_locale":"tr_TR","og_type":"article","og_title":"Yabanc\u0131 Plakalardaki HGS Sorunu \u00c7\u00f6z\u00fcld\u00fc - S\u0131la Yolu Sevenler","og_description":"Yabanc\u0131 Plakalardaki HGS Sorunu \u00c7\u00f6z\u00fcld\u00fc AK Parti \u0130stanbul Milletvekili, TBMM Yurtd\u0131\u015f\u0131 T\u00fcrkler ve Akraba Topluluklar Alt Komisyonu Ba\u015fkan Zafer S\u0131rakaya, yabanc\u0131 plakal\u0131 ara\u00e7lar\u0131yla \u00fccretli otoyollar\u0131ndan ge\u00e7i\u015f yapan vatanda\u015flara uygulanan cezai yapt\u0131r\u0131mlara ili\u015fkin verilen kanun teklifi ile ilgili yaz\u0131l\u0131 a\u00e7\u0131klama yapt\u0131. Resmi gazetede yay\u0131mland\u0131ktan sonra kanun y\u00fcr\u00fcrl\u00fc\u011fe girecek. Sar\u0131kaya\u2019n\u0131n yapt\u0131\u011f\u0131 bas\u0131n a\u00e7\u0131klamas\u0131 \u015fu \u015fekilde. Yabanc\u0131 Plakal\u0131 [&hellip;]","og_url":"https:\/\/silayolusevenler.nl\/wp\/guncel\/yabanci-plakalardaki-hgs-sorunu-cozuldu\/","og_site_name":"S\u0131la Yolu Sevenler","article_published_time":"2020-07-23T22:36:56+00:00","article_modified_time":"2020-07-23T22:40:59+00:00","og_image":[{"width":1024,"height":576,"url":"https:\/\/silayolusevenler.nl\/wp\/wp-content\/uploads\/2020\/07\/hgs-sorun.jpg","type":"image\/jpeg"}],"author":"SYS Edit\u00f6r","twitter_card":"summary_large_image","twitter_misc":{"Yazan:":"SYS Edit\u00f6r","Tahmini okuma s\u00fcresi":"4 dakika"},"schema":{"@context":"https:\/\/schema.org","@graph":[{"@type":"Article","@id":"https:\/\/silayolusevenler.nl\/wp\/guncel\/yabanci-plakalardaki-hgs-sorunu-cozuldu\/#article","isPartOf":{"@id":"https:\/\/silayolusevenler.nl\/wp\/guncel\/yabanci-plakalardaki-hgs-sorunu-cozuldu\/"},"author":{"name":"SYS Edit\u00f6r","@id":"https:\/\/silayolusevenler.nl\/wp\/#\/schema\/person\/dbcd6e993af8a999b044c73a7e54e1e3"},"headline":"Yabanc\u0131 Plakalardaki HGS Sorunu \u00c7\u00f6z\u00fcld\u00fc","datePublished":"2020-07-23T22:36:56+00:00","dateModified":"2020-07-23T22:40:59+00:00","mainEntityOfPage":{"@id":"https:\/\/silayolusevenler.nl\/wp\/guncel\/yabanci-plakalardaki-hgs-sorunu-cozuldu\/"},"wordCount":866,"commentCount":4,"publisher":{"@id":"https:\/\/silayolusevenler.nl\/wp\/#\/schema\/person\/dbcd6e993af8a999b044c73a7e54e1e3"},"image":{"@id":"https:\/\/silayolusevenler.nl\/wp\/guncel\/yabanci-plakalardaki-hgs-sorunu-cozuldu\/#primaryimage"},"thumbnailUrl":"https:\/\/silayolusevenler.nl\/wp\/wp-content\/uploads\/2020\/07\/hgs-sorun.jpg","articleSection":["G\u00fcndem"],"inLanguage":"tr","potentialAction":[{"@type":"CommentAction","name":"Comment","target":["https:\/\/silayolusevenler.nl\/wp\/guncel\/yabanci-plakalardaki-hgs-sorunu-cozuldu\/#respond"]}]},{"@type":"WebPage","@id":"https:\/\/silayolusevenler.nl\/wp\/guncel\/yabanci-plakalardaki-hgs-sorunu-cozuldu\/","url":"https:\/\/silayolusevenler.nl\/wp\/guncel\/yabanci-plakalardaki-hgs-sorunu-cozuldu\/","name":"Yabanc\u0131 Plakalardaki HGS Sorunu \u00c7\u00f6z\u00fcld\u00fc - S\u0131la Yolu Sevenler","isPartOf":{"@id":"https:\/\/silayolusevenler.nl\/wp\/#website"},"primaryImageOfPage":{"@id":"https:\/\/silayolusevenler.nl\/wp\/guncel\/yabanci-plakalardaki-hgs-sorunu-cozuldu\/#primaryimage"},"image":{"@id":"https:\/\/silayolusevenler.nl\/wp\/guncel\/yabanci-plakalardaki-hgs-sorunu-cozuldu\/#primaryimage"},"thumbnailUrl":"https:\/\/silayolusevenler.nl\/wp\/wp-content\/uploads\/2020\/07\/hgs-sorun.jpg","datePublished":"2020-07-23T22:36:56+00:00","dateModified":"2020-07-23T22:40:59+00:00","breadcrumb":{"@id":"https:\/\/silayolusevenler.nl\/wp\/guncel\/yabanci-plakalardaki-hgs-sorunu-cozuldu\/#breadcrumb"},"inLanguage":"tr","potentialAction":[{"@type":"ReadAction","target":["https:\/\/silayolusevenler.nl\/wp\/guncel\/yabanci-plakalardaki-hgs-sorunu-cozuldu\/"]}]},{"@type":"ImageObject","inLanguage":"tr","@id":"https:\/\/silayolusevenler.nl\/wp\/guncel\/yabanci-plakalardaki-hgs-sorunu-cozuldu\/#primaryimage","url":"https:\/\/silayolusevenler.nl\/wp\/wp-content\/uploads\/2020\/07\/hgs-sorun.jpg","contentUrl":"https:\/\/silayolusevenler.nl\/wp\/wp-content\/uploads\/2020\/07\/hgs-sorun.jpg","width":1024,"height":576},{"@type":"BreadcrumbList","@id":"https:\/\/silayolusevenler.nl\/wp\/guncel\/yabanci-plakalardaki-hgs-sorunu-cozuldu\/#breadcrumb","itemListElement":[{"@type":"ListItem","position":1,"name":"Home","item":"https:\/\/silayolusevenler.nl\/wp\/"},{"@type":"ListItem","position":2,"name":"Yabanc\u0131 Plakalardaki HGS Sorunu \u00c7\u00f6z\u00fcld\u00fc"}]},{"@type":"WebSite","@id":"https:\/\/silayolusevenler.nl\/wp\/#website","url":"https:\/\/silayolusevenler.nl\/wp\/","name":"S\u0131la Yolu Sevenler","description":"Yaln\u0131z De\u011filsiniz","publisher":{"@id":"https:\/\/silayolusevenler.nl\/wp\/#\/schema\/person\/dbcd6e993af8a999b044c73a7e54e1e3"},"potentialAction":[{"@type":"SearchAction","target":{"@type":"EntryPoint","urlTemplate":"https:\/\/silayolusevenler.nl\/wp\/?s={search_term_string}"},"query-input":{"@type":"PropertyValueSpecification","valueRequired":true,"valueName":"search_term_string"}}],"inLanguage":"tr"},{"@type":["Person","Organization"],"@id":"https:\/\/silayolusevenler.nl\/wp\/#\/schema\/person\/dbcd6e993af8a999b044c73a7e54e1e3","name":"SYS Edit\u00f6r","logo":{"@id":"https:\/\/silayolusevenler.nl\/wp\/#\/schema\/person\/image\/"}}]}},"jetpack_featured_media_url":"https:\/\/silayolusevenler.nl\/wp\/wp-content\/uploads\/2020\/07\/hgs-sorun.jpg","jetpack_sharing_enabled":true,"_links":{"self":[{"href":"https:\/\/silayolusevenler.nl\/wp\/wp-json\/wp\/v2\/posts\/4158","targetHints":{"allow":["GET"]}}],"collection":[{"href":"https:\/\/silayolusevenler.nl\/wp\/wp-json\/wp\/v2\/posts"}],"about":[{"href":"https:\/\/silayolusevenler.nl\/wp\/wp-json\/wp\/v2\/types\/post"}],"author":[{"embeddable":true,"href":"https:\/\/silayolusevenler.nl\/wp\/wp-json\/wp\/v2\/users\/1"}],"replies":[{"embeddable":true,"href":"https:\/\/silayolusevenler.nl\/wp\/wp-json\/wp\/v2\/comments?post=4158"}],"version-history":[{"count":5,"href":"https:\/\/silayolusevenler.nl\/wp\/wp-json\/wp\/v2\/posts\/4158\/revisions"}],"predecessor-version":[{"id":4168,"href":"https:\/\/silayolusevenler.nl\/wp\/wp-json\/wp\/v2\/posts\/4158\/revisions\/4168"}],"wp:featuredmedia":[{"embeddable":true,"href":"https:\/\/silayolusevenler.nl\/wp\/wp-json\/wp\/v2\/media\/4160"}],"wp:attachment":[{"href":"https:\/\/silayolusevenler.nl\/wp\/wp-json\/wp\/v2\/media?parent=4158"}],"wp:term":[{"taxonomy":"category","embeddable":true,"href":"https:\/\/silayolusevenler.nl\/wp\/wp-json\/wp\/v2\/categories?post=4158"},{"taxonomy":"post_tag","embeddable":true,"href":"https:\/\/silayolusevenler.nl\/wp\/wp-json\/wp\/v2\/tags?post=4158"}],"curies":[{"name":"wp","href":"https:\/\/api.w.org\/{rel}","templated":true}]}}