{"id":4929,"date":"2021-01-17T18:13:37","date_gmt":"2021-01-17T16:13:37","guid":{"rendered":"https:\/\/www.silayolusevenler.com\/?p=4929"},"modified":"2021-01-17T18:13:38","modified_gmt":"2021-01-17T16:13:38","slug":"fransada-misafirlikten-donen-turk-aileye-675-euro-ceza-yazildi","status":"publish","type":"post","link":"https:\/\/silayolusevenler.nl\/wp\/guncel\/fransada-misafirlikten-donen-turk-aileye-675-euro-ceza-yazildi\/","title":{"rendered":"Fransa\u2019da Misafirlikten D\u00f6nen T\u00fcrk Aileye 675 Euro Ceza Yaz\u0131ld\u0131"},"content":{"rendered":"\n<h2 class=\"wp-block-heading\">Fransa\u2019da Misafirlikten D\u00f6nen T\u00fcrk Aileye 675 Euro Ceza Yaz\u0131ld\u0131<\/h2>\n\n\n\n<hr class=\"wp-block-separator\"\/>\n\n\n\n<p>Fransa\u2019da korona vir\u00fcs yasaklar\u0131 \u00fclke genelinde 20\u2019den 18\u2019e \u00e7ekildi. Bu saatten sonra d\u0131\u015far\u0131 \u00e7\u0131kanlar\u0131 ise a\u011f\u0131r cezalar bekliyor.<\/p>\n\n\n\n<p>Son olarak Fransa\u2019n\u0131n Metz \u015fehrinde ak\u015fam 18\u2019den sonra misafirlikten d\u00f6nen 5 ki\u015filik T\u00fcrk ailenin her birine 135 Euro ceza kesildi. Yasak saatini 10 dakika geciktiren aileyi durduran polis, ailenin itirazlar\u0131n\u0131 dikkate almad\u0131. Araba i\u00e7indeki ailenin her birine 135 Euro olmak \u00fczere toplamda 675 Euro ceza kesti.<\/p>\n\n\n\n<h3 class=\"wp-block-heading\">\u0130lk \u0130hlalin Cezas\u0131 135 Euro<\/h3>\n\n\n\n<p>Fransa\u2019da saat 18\u2019den sonra d\u0131\u015far\u0131 \u00e7\u0131kanlara d\u0131\u015far\u0131 \u00e7\u0131kmay\u0131 gerektirecek istisna gerek\u00e7esi olmad\u0131\u011f\u0131 taktirde 135 Euro ceza yaz\u0131l\u0131yor. Bu cezan\u0131n \u00f6denmemesi durumunda ise miktar 375 Euro\u2019ya \u00e7\u0131kyor.<\/p>\n\n\n\n<h3 class=\"wp-block-heading\">3. \u0130hlalde Ceza 3 Bin 750 Euro\u2019ya \u00c7\u0131k\u0131yor<\/h3>\n\n\n\n<p>Ayn\u0131 ihlalin ikinci kez ger\u00e7ekle\u015ftirilmesi durumunda ise ceza 200 Euro\u2019ya \u00f6denmemesi durumunda ise 450 Euro\u2019ya y\u00fckseliyor. 30 g\u00fcn i\u00e7erisinde \u00fc\u00e7\u00fcnc\u00fc kez ayn\u0131 ihlalin cezas\u0131 ise 3 bin 750 Euro.<\/p>\n\n\n\n<hr class=\"wp-block-separator\"\/>\n\n\n\n<p>Kaynak: Arti33<\/p>\n","protected":false},"excerpt":{"rendered":"<p>Fransa\u2019da Misafirlikten D\u00f6nen T\u00fcrk Aileye 675 Euro Ceza Yaz\u0131ld\u0131 Fransa\u2019da korona vir\u00fcs yasaklar\u0131 \u00fclke genelinde 20\u2019den 18\u2019e \u00e7ekildi. Bu saatten sonra d\u0131\u015far\u0131 \u00e7\u0131kanlar\u0131 ise a\u011f\u0131r cezalar bekliyor. Son olarak Fransa\u2019n\u0131n Metz \u015fehrinde ak\u015fam 18\u2019den sonra misafirlikten d\u00f6nen 5 ki\u015filik T\u00fcrk ailenin her birine 135 Euro ceza kesildi. Yasak saatini 10 dakika geciktiren aileyi durduran polis, [&hellip;]<\/p>\n","protected":false},"author":1,"featured_media":4930,"comment_status":"open","ping_status":"open","sticky":false,"template":"","format":"standard","meta":{"_exactmetrics_skip_tracking":false,"_exactmetrics_sitenote_active":false,"_exactmetrics_sitenote_note":"","_exactmetrics_sitenote_category":0,"_jetpack_memberships_contains_paid_content":false,"footnotes":""},"categories":[22,1],"tags":[135,57,397,126],"class_list":{"0":"post-4929","1":"post","2":"type-post","3":"status-publish","4":"format-standard","5":"has-post-thumbnail","7":"category-fransa","8":"category-guncel","9":"tag-ceza","10":"tag-fransa","11":"tag-korona-tedbirleri","12":"tag-sokaga-cikma-yasagi"},"yoast_head":"<!-- This site is optimized with the Yoast SEO plugin v24.9 - https:\/\/yoast.com\/wordpress\/plugins\/seo\/ -->\n<title>Fransa\u2019da Misafirlikten D\u00f6nen T\u00fcrk Aileye 675 Euro Ceza Yaz\u0131ld\u0131 - S\u0131la Yolu Sevenler<\/title>\n<meta name=\"robots\" content=\"index, follow, max-snippet:-1, max-image-preview:large, max-video-preview:-1\" \/>\n<link rel=\"canonical\" href=\"https:\/\/silayolusevenler.nl\/wp\/guncel\/fransada-misafirlikten-donen-turk-aileye-675-euro-ceza-yazildi\/\" \/>\n<meta property=\"og:locale\" content=\"tr_TR\" \/>\n<meta property=\"og:type\" content=\"article\" \/>\n<meta property=\"og:title\" content=\"Fransa\u2019da Misafirlikten D\u00f6nen T\u00fcrk Aileye 675 Euro Ceza Yaz\u0131ld\u0131 - S\u0131la Yolu Sevenler\" \/>\n<meta property=\"og:description\" content=\"Fransa\u2019da Misafirlikten D\u00f6nen T\u00fcrk Aileye 675 Euro Ceza Yaz\u0131ld\u0131 Fransa\u2019da korona vir\u00fcs yasaklar\u0131 \u00fclke genelinde 20\u2019den 18\u2019e \u00e7ekildi. Bu saatten sonra d\u0131\u015far\u0131 \u00e7\u0131kanlar\u0131 ise a\u011f\u0131r cezalar bekliyor. Son olarak Fransa\u2019n\u0131n Metz \u015fehrinde ak\u015fam 18\u2019den sonra misafirlikten d\u00f6nen 5 ki\u015filik T\u00fcrk ailenin her birine 135 Euro ceza kesildi. Yasak saatini 10 dakika geciktiren aileyi durduran polis, [&hellip;]\" \/>\n<meta property=\"og:url\" content=\"https:\/\/silayolusevenler.nl\/wp\/guncel\/fransada-misafirlikten-donen-turk-aileye-675-euro-ceza-yazildi\/\" \/>\n<meta property=\"og:site_name\" content=\"S\u0131la Yolu Sevenler\" \/>\n<meta property=\"article:published_time\" content=\"2021-01-17T16:13:37+00:00\" \/>\n<meta property=\"article:modified_time\" content=\"2021-01-17T16:13:38+00:00\" \/>\n<meta property=\"og:image\" content=\"https:\/\/silayolusevenler.nl\/wp\/wp-content\/uploads\/2021\/01\/fransa-misafir.jpg\" \/>\n\t<meta property=\"og:image:width\" content=\"2048\" \/>\n\t<meta property=\"og:image:height\" content=\"1152\" \/>\n\t<meta property=\"og:image:type\" content=\"image\/jpeg\" \/>\n<meta name=\"author\" content=\"SYS Edit\u00f6r\" \/>\n<meta name=\"twitter:card\" content=\"summary_large_image\" \/>\n<meta name=\"twitter:label1\" content=\"Yazan:\" \/>\n\t<meta name=\"twitter:data1\" content=\"SYS Edit\u00f6r\" \/>\n\t<meta name=\"twitter:label2\" content=\"Tahmini okuma s\u00fcresi\" \/>\n\t<meta name=\"twitter:data2\" content=\"1 dakika\" \/>\n<script type=\"application\/ld+json\" class=\"yoast-schema-graph\">{\"@context\":\"https:\/\/schema.org\",\"@graph\":[{\"@type\":\"Article\",\"@id\":\"https:\/\/silayolusevenler.nl\/wp\/guncel\/fransada-misafirlikten-donen-turk-aileye-675-euro-ceza-yazildi\/#article\",\"isPartOf\":{\"@id\":\"https:\/\/silayolusevenler.nl\/wp\/guncel\/fransada-misafirlikten-donen-turk-aileye-675-euro-ceza-yazildi\/\"},\"author\":{\"name\":\"SYS Edit\u00f6r\",\"@id\":\"https:\/\/silayolusevenler.nl\/wp\/#\/schema\/person\/dbcd6e993af8a999b044c73a7e54e1e3\"},\"headline\":\"Fransa\u2019da Misafirlikten D\u00f6nen T\u00fcrk Aileye 675 Euro Ceza Yaz\u0131ld\u0131\",\"datePublished\":\"2021-01-17T16:13:37+00:00\",\"dateModified\":\"2021-01-17T16:13:38+00:00\",\"mainEntityOfPage\":{\"@id\":\"https:\/\/silayolusevenler.nl\/wp\/guncel\/fransada-misafirlikten-donen-turk-aileye-675-euro-ceza-yazildi\/\"},\"wordCount\":171,\"commentCount\":0,\"publisher\":{\"@id\":\"https:\/\/silayolusevenler.nl\/wp\/#\/schema\/person\/dbcd6e993af8a999b044c73a7e54e1e3\"},\"image\":{\"@id\":\"https:\/\/silayolusevenler.nl\/wp\/guncel\/fransada-misafirlikten-donen-turk-aileye-675-euro-ceza-yazildi\/#primaryimage\"},\"thumbnailUrl\":\"https:\/\/silayolusevenler.nl\/wp\/wp-content\/uploads\/2021\/01\/fransa-misafir.jpg\",\"keywords\":[\"Ceza\",\"Fransa\",\"Korona Tedbirleri\",\"Soka\u011fa \u00e7\u0131kma yasa\u011f\u0131\"],\"articleSection\":[\"Fransa\",\"G\u00fcndem\"],\"inLanguage\":\"tr\",\"potentialAction\":[{\"@type\":\"CommentAction\",\"name\":\"Comment\",\"target\":[\"https:\/\/silayolusevenler.nl\/wp\/guncel\/fransada-misafirlikten-donen-turk-aileye-675-euro-ceza-yazildi\/#respond\"]}]},{\"@type\":\"WebPage\",\"@id\":\"https:\/\/silayolusevenler.nl\/wp\/guncel\/fransada-misafirlikten-donen-turk-aileye-675-euro-ceza-yazildi\/\",\"url\":\"https:\/\/silayolusevenler.nl\/wp\/guncel\/fransada-misafirlikten-donen-turk-aileye-675-euro-ceza-yazildi\/\",\"name\":\"Fransa\u2019da Misafirlikten D\u00f6nen T\u00fcrk Aileye 675 Euro Ceza Yaz\u0131ld\u0131 - S\u0131la Yolu Sevenler\",\"isPartOf\":{\"@id\":\"https:\/\/silayolusevenler.nl\/wp\/#website\"},\"primaryImageOfPage\":{\"@id\":\"https:\/\/silayolusevenler.nl\/wp\/guncel\/fransada-misafirlikten-donen-turk-aileye-675-euro-ceza-yazildi\/#primaryimage\"},\"image\":{\"@id\":\"https:\/\/silayolusevenler.nl\/wp\/guncel\/fransada-misafirlikten-donen-turk-aileye-675-euro-ceza-yazildi\/#primaryimage\"},\"thumbnailUrl\":\"https:\/\/silayolusevenler.nl\/wp\/wp-content\/uploads\/2021\/01\/fransa-misafir.jpg\",\"datePublished\":\"2021-01-17T16:13:37+00:00\",\"dateModified\":\"2021-01-17T16:13:38+00:00\",\"breadcrumb\":{\"@id\":\"https:\/\/silayolusevenler.nl\/wp\/guncel\/fransada-misafirlikten-donen-turk-aileye-675-euro-ceza-yazildi\/#breadcrumb\"},\"inLanguage\":\"tr\",\"potentialAction\":[{\"@type\":\"ReadAction\",\"target\":[\"https:\/\/silayolusevenler.nl\/wp\/guncel\/fransada-misafirlikten-donen-turk-aileye-675-euro-ceza-yazildi\/\"]}]},{\"@type\":\"ImageObject\",\"inLanguage\":\"tr\",\"@id\":\"https:\/\/silayolusevenler.nl\/wp\/guncel\/fransada-misafirlikten-donen-turk-aileye-675-euro-ceza-yazildi\/#primaryimage\",\"url\":\"https:\/\/silayolusevenler.nl\/wp\/wp-content\/uploads\/2021\/01\/fransa-misafir.jpg\",\"contentUrl\":\"https:\/\/silayolusevenler.nl\/wp\/wp-content\/uploads\/2021\/01\/fransa-misafir.jpg\",\"width\":2048,\"height\":1152},{\"@type\":\"BreadcrumbList\",\"@id\":\"https:\/\/silayolusevenler.nl\/wp\/guncel\/fransada-misafirlikten-donen-turk-aileye-675-euro-ceza-yazildi\/#breadcrumb\",\"itemListElement\":[{\"@type\":\"ListItem\",\"position\":1,\"name\":\"Home\",\"item\":\"https:\/\/silayolusevenler.nl\/wp\/\"},{\"@type\":\"ListItem\",\"position\":2,\"name\":\"Fransa\u2019da Misafirlikten D\u00f6nen T\u00fcrk Aileye 675 Euro Ceza Yaz\u0131ld\u0131\"}]},{\"@type\":\"WebSite\",\"@id\":\"https:\/\/silayolusevenler.nl\/wp\/#website\",\"url\":\"https:\/\/silayolusevenler.nl\/wp\/\",\"name\":\"S\u0131la Yolu Sevenler\",\"description\":\"Yaln\u0131z De\u011filsiniz\",\"publisher\":{\"@id\":\"https:\/\/silayolusevenler.nl\/wp\/#\/schema\/person\/dbcd6e993af8a999b044c73a7e54e1e3\"},\"potentialAction\":[{\"@type\":\"SearchAction\",\"target\":{\"@type\":\"EntryPoint\",\"urlTemplate\":\"https:\/\/silayolusevenler.nl\/wp\/?s={search_term_string}\"},\"query-input\":{\"@type\":\"PropertyValueSpecification\",\"valueRequired\":true,\"valueName\":\"search_term_string\"}}],\"inLanguage\":\"tr\"},{\"@type\":[\"Person\",\"Organization\"],\"@id\":\"https:\/\/silayolusevenler.nl\/wp\/#\/schema\/person\/dbcd6e993af8a999b044c73a7e54e1e3\",\"name\":\"SYS Edit\u00f6r\",\"logo\":{\"@id\":\"https:\/\/silayolusevenler.nl\/wp\/#\/schema\/person\/image\/\"}}]}<\/script>\n<!-- \/ Yoast SEO plugin. -->","yoast_head_json":{"title":"Fransa\u2019da Misafirlikten D\u00f6nen T\u00fcrk Aileye 675 Euro Ceza Yaz\u0131ld\u0131 - S\u0131la Yolu Sevenler","robots":{"index":"index","follow":"follow","max-snippet":"max-snippet:-1","max-image-preview":"max-image-preview:large","max-video-preview":"max-video-preview:-1"},"canonical":"https:\/\/silayolusevenler.nl\/wp\/guncel\/fransada-misafirlikten-donen-turk-aileye-675-euro-ceza-yazildi\/","og_locale":"tr_TR","og_type":"article","og_title":"Fransa\u2019da Misafirlikten D\u00f6nen T\u00fcrk Aileye 675 Euro Ceza Yaz\u0131ld\u0131 - S\u0131la Yolu Sevenler","og_description":"Fransa\u2019da Misafirlikten D\u00f6nen T\u00fcrk Aileye 675 Euro Ceza Yaz\u0131ld\u0131 Fransa\u2019da korona vir\u00fcs yasaklar\u0131 \u00fclke genelinde 20\u2019den 18\u2019e \u00e7ekildi. Bu saatten sonra d\u0131\u015far\u0131 \u00e7\u0131kanlar\u0131 ise a\u011f\u0131r cezalar bekliyor. Son olarak Fransa\u2019n\u0131n Metz \u015fehrinde ak\u015fam 18\u2019den sonra misafirlikten d\u00f6nen 5 ki\u015filik T\u00fcrk ailenin her birine 135 Euro ceza kesildi. Yasak saatini 10 dakika geciktiren aileyi durduran polis, [&hellip;]","og_url":"https:\/\/silayolusevenler.nl\/wp\/guncel\/fransada-misafirlikten-donen-turk-aileye-675-euro-ceza-yazildi\/","og_site_name":"S\u0131la Yolu Sevenler","article_published_time":"2021-01-17T16:13:37+00:00","article_modified_time":"2021-01-17T16:13:38+00:00","og_image":[{"width":2048,"height":1152,"url":"https:\/\/silayolusevenler.nl\/wp\/wp-content\/uploads\/2021\/01\/fransa-misafir.jpg","type":"image\/jpeg"}],"author":"SYS Edit\u00f6r","twitter_card":"summary_large_image","twitter_misc":{"Yazan:":"SYS Edit\u00f6r","Tahmini okuma s\u00fcresi":"1 dakika"},"schema":{"@context":"https:\/\/schema.org","@graph":[{"@type":"Article","@id":"https:\/\/silayolusevenler.nl\/wp\/guncel\/fransada-misafirlikten-donen-turk-aileye-675-euro-ceza-yazildi\/#article","isPartOf":{"@id":"https:\/\/silayolusevenler.nl\/wp\/guncel\/fransada-misafirlikten-donen-turk-aileye-675-euro-ceza-yazildi\/"},"author":{"name":"SYS Edit\u00f6r","@id":"https:\/\/silayolusevenler.nl\/wp\/#\/schema\/person\/dbcd6e993af8a999b044c73a7e54e1e3"},"headline":"Fransa\u2019da Misafirlikten D\u00f6nen T\u00fcrk Aileye 675 Euro Ceza Yaz\u0131ld\u0131","datePublished":"2021-01-17T16:13:37+00:00","dateModified":"2021-01-17T16:13:38+00:00","mainEntityOfPage":{"@id":"https:\/\/silayolusevenler.nl\/wp\/guncel\/fransada-misafirlikten-donen-turk-aileye-675-euro-ceza-yazildi\/"},"wordCount":171,"commentCount":0,"publisher":{"@id":"https:\/\/silayolusevenler.nl\/wp\/#\/schema\/person\/dbcd6e993af8a999b044c73a7e54e1e3"},"image":{"@id":"https:\/\/silayolusevenler.nl\/wp\/guncel\/fransada-misafirlikten-donen-turk-aileye-675-euro-ceza-yazildi\/#primaryimage"},"thumbnailUrl":"https:\/\/silayolusevenler.nl\/wp\/wp-content\/uploads\/2021\/01\/fransa-misafir.jpg","keywords":["Ceza","Fransa","Korona Tedbirleri","Soka\u011fa \u00e7\u0131kma yasa\u011f\u0131"],"articleSection":["Fransa","G\u00fcndem"],"inLanguage":"tr","potentialAction":[{"@type":"CommentAction","name":"Comment","target":["https:\/\/silayolusevenler.nl\/wp\/guncel\/fransada-misafirlikten-donen-turk-aileye-675-euro-ceza-yazildi\/#respond"]}]},{"@type":"WebPage","@id":"https:\/\/silayolusevenler.nl\/wp\/guncel\/fransada-misafirlikten-donen-turk-aileye-675-euro-ceza-yazildi\/","url":"https:\/\/silayolusevenler.nl\/wp\/guncel\/fransada-misafirlikten-donen-turk-aileye-675-euro-ceza-yazildi\/","name":"Fransa\u2019da Misafirlikten D\u00f6nen T\u00fcrk Aileye 675 Euro Ceza Yaz\u0131ld\u0131 - S\u0131la Yolu Sevenler","isPartOf":{"@id":"https:\/\/silayolusevenler.nl\/wp\/#website"},"primaryImageOfPage":{"@id":"https:\/\/silayolusevenler.nl\/wp\/guncel\/fransada-misafirlikten-donen-turk-aileye-675-euro-ceza-yazildi\/#primaryimage"},"image":{"@id":"https:\/\/silayolusevenler.nl\/wp\/guncel\/fransada-misafirlikten-donen-turk-aileye-675-euro-ceza-yazildi\/#primaryimage"},"thumbnailUrl":"https:\/\/silayolusevenler.nl\/wp\/wp-content\/uploads\/2021\/01\/fransa-misafir.jpg","datePublished":"2021-01-17T16:13:37+00:00","dateModified":"2021-01-17T16:13:38+00:00","breadcrumb":{"@id":"https:\/\/silayolusevenler.nl\/wp\/guncel\/fransada-misafirlikten-donen-turk-aileye-675-euro-ceza-yazildi\/#breadcrumb"},"inLanguage":"tr","potentialAction":[{"@type":"ReadAction","target":["https:\/\/silayolusevenler.nl\/wp\/guncel\/fransada-misafirlikten-donen-turk-aileye-675-euro-ceza-yazildi\/"]}]},{"@type":"ImageObject","inLanguage":"tr","@id":"https:\/\/silayolusevenler.nl\/wp\/guncel\/fransada-misafirlikten-donen-turk-aileye-675-euro-ceza-yazildi\/#primaryimage","url":"https:\/\/silayolusevenler.nl\/wp\/wp-content\/uploads\/2021\/01\/fransa-misafir.jpg","contentUrl":"https:\/\/silayolusevenler.nl\/wp\/wp-content\/uploads\/2021\/01\/fransa-misafir.jpg","width":2048,"height":1152},{"@type":"BreadcrumbList","@id":"https:\/\/silayolusevenler.nl\/wp\/guncel\/fransada-misafirlikten-donen-turk-aileye-675-euro-ceza-yazildi\/#breadcrumb","itemListElement":[{"@type":"ListItem","position":1,"name":"Home","item":"https:\/\/silayolusevenler.nl\/wp\/"},{"@type":"ListItem","position":2,"name":"Fransa\u2019da Misafirlikten D\u00f6nen T\u00fcrk Aileye 675 Euro Ceza Yaz\u0131ld\u0131"}]},{"@type":"WebSite","@id":"https:\/\/silayolusevenler.nl\/wp\/#website","url":"https:\/\/silayolusevenler.nl\/wp\/","name":"S\u0131la Yolu Sevenler","description":"Yaln\u0131z De\u011filsiniz","publisher":{"@id":"https:\/\/silayolusevenler.nl\/wp\/#\/schema\/person\/dbcd6e993af8a999b044c73a7e54e1e3"},"potentialAction":[{"@type":"SearchAction","target":{"@type":"EntryPoint","urlTemplate":"https:\/\/silayolusevenler.nl\/wp\/?s={search_term_string}"},"query-input":{"@type":"PropertyValueSpecification","valueRequired":true,"valueName":"search_term_string"}}],"inLanguage":"tr"},{"@type":["Person","Organization"],"@id":"https:\/\/silayolusevenler.nl\/wp\/#\/schema\/person\/dbcd6e993af8a999b044c73a7e54e1e3","name":"SYS Edit\u00f6r","logo":{"@id":"https:\/\/silayolusevenler.nl\/wp\/#\/schema\/person\/image\/"}}]}},"jetpack_featured_media_url":"https:\/\/silayolusevenler.nl\/wp\/wp-content\/uploads\/2021\/01\/fransa-misafir.jpg","jetpack_sharing_enabled":true,"_links":{"self":[{"href":"https:\/\/silayolusevenler.nl\/wp\/wp-json\/wp\/v2\/posts\/4929","targetHints":{"allow":["GET"]}}],"collection":[{"href":"https:\/\/silayolusevenler.nl\/wp\/wp-json\/wp\/v2\/posts"}],"about":[{"href":"https:\/\/silayolusevenler.nl\/wp\/wp-json\/wp\/v2\/types\/post"}],"author":[{"embeddable":true,"href":"https:\/\/silayolusevenler.nl\/wp\/wp-json\/wp\/v2\/users\/1"}],"replies":[{"embeddable":true,"href":"https:\/\/silayolusevenler.nl\/wp\/wp-json\/wp\/v2\/comments?post=4929"}],"version-history":[{"count":1,"href":"https:\/\/silayolusevenler.nl\/wp\/wp-json\/wp\/v2\/posts\/4929\/revisions"}],"predecessor-version":[{"id":4931,"href":"https:\/\/silayolusevenler.nl\/wp\/wp-json\/wp\/v2\/posts\/4929\/revisions\/4931"}],"wp:featuredmedia":[{"embeddable":true,"href":"https:\/\/silayolusevenler.nl\/wp\/wp-json\/wp\/v2\/media\/4930"}],"wp:attachment":[{"href":"https:\/\/silayolusevenler.nl\/wp\/wp-json\/wp\/v2\/media?parent=4929"}],"wp:term":[{"taxonomy":"category","embeddable":true,"href":"https:\/\/silayolusevenler.nl\/wp\/wp-json\/wp\/v2\/categories?post=4929"},{"taxonomy":"post_tag","embeddable":true,"href":"https:\/\/silayolusevenler.nl\/wp\/wp-json\/wp\/v2\/tags?post=4929"}],"curies":[{"name":"wp","href":"https:\/\/api.w.org\/{rel}","templated":true}]}}