{"id":6883,"date":"2022-03-01T11:50:50","date_gmt":"2022-03-01T10:50:50","guid":{"rendered":"https:\/\/www.silayolusevenler.com\/?p=6883"},"modified":"2022-03-01T11:50:52","modified_gmt":"2022-03-01T10:50:52","slug":"almanyada-zorunlu-askerlik-geri-mi-gelecek","status":"publish","type":"post","link":"https:\/\/silayolusevenler.nl\/wp\/guncel\/almanyada-zorunlu-askerlik-geri-mi-gelecek\/","title":{"rendered":"Almanya\u2019da Zorunlu Askerlik Geri mi Gelecek?"},"content":{"rendered":"\n<h2 class=\"wp-block-heading\">Almanya\u2019da Zorunlu Askerlik Geri mi Gelecek?<\/h2>\n\n\n\n<hr class=\"wp-block-separator\"\/>\n\n\n\n<p>Almanya&#8217;da zorunlu askerli\u011fin geri gelmesi tart\u0131\u015fmaya a\u00e7\u0131ld\u0131. Tart\u0131\u015fma Rusya\u2019n\u0131n Ukrayna\u2019ya sald\u0131rmas\u0131 \u00fczerine ba\u015flad\u0131.<\/p>\n\n\n\n<p>Almanya&#8217;da siyaset\u00e7iler zorunlu askerli\u011fin yeni gelmesini tart\u0131\u015f\u0131yor.<\/p>\n\n\n\n<p>Rusya\u2019n\u0131n Ukrayna\u2019ya askeri sald\u0131r\u0131s\u0131 sonras\u0131nda Almanya\u2019da \u00e7e\u015fitli siyaset\u00e7iler, zorunlu askerli\u011fin yeniden ba\u015flamas\u0131 tart\u0131\u015fmas\u0131n\u0131 ba\u015flatt\u0131. Welt am Sonntag gazetesinin haberine g\u00f6re, Hristiyan Demokrat Birli\u011fi (CDU) partisi Almanya\u2019n\u0131n cayd\u0131r\u0131c\u0131 g\u00fcc\u00fcn\u00fc g\u00f6sterebilmesi i\u00e7in zorunlu askerlik uygulamas\u0131na d\u00f6n\u00fclmesini istiyor.<\/p>\n\n\n\n<p>\u0130ktidar\u0131n b\u00fcy\u00fck orta\u011f\u0131 sosyal demokratlar (SPD) ise zorunlu askerlik uygulamas\u0131na kar\u015f\u0131 \u00e7\u0131k\u0131yorlar.<\/p>\n\n\n\n<p>A\u015fa\u011f\u0131 Saksonya CDU eyalet te\u015fkilat\u0131 taraf\u0131ndan haz\u0131rlanan bir de\u011ferlendirme raporunda zorunlu askerli\u011fin yeniden uygulanmas\u0131n\u0131n Almanya\u2019n\u0131n etkili askeri cayd\u0131r\u0131c\u0131l\u0131k ve ittifak kabiliyetini temin etmek i\u00e7in belirleyici bir i\u015faret oldu\u011funa dikkat \u00e7ekildi. CDU A\u015fa\u011f\u0131 Saksonya lideri ve eyalet Ekonomi Bakan\u0131 Bernd Althusmann, Alman ordusunun gelecekte etkin olabilmesi i\u00e7in \u00f6zellikle z\u0131rhl\u0131 birliklerinin g\u00fc\u00e7lendirilmesi ve askerli\u011fin zorunlu h\u00e2le getirilmesini \u00f6nerdi.<\/p>\n\n\n\n<p>Bu arada, Hristiyan demokratlar\u0131n karde\u015f partisi Hristiyan Sosyal Birli\u011fi Ba\u015fkan\u0131 ve Bavyera Ba\u015fbakan\u0131 Markus S\u00f6der de zorunlu\u011fu askerli\u011fin gereksiz oldu\u011funu a\u00e7\u0131klad\u0131.<\/p>\n\n\n\n<p>Almanya Savunma Bakan\u0131 Christine Lambrecht de Ukrayna\u2019daki sava\u015f ve \u00e7at\u0131\u015fma durumunun zorunlu askerlik i\u00e7in bir gerek\u00e7e olarak g\u00f6sterilemeyece\u011fini s\u00f6yledi.<\/p>\n\n\n\n<p>Almanya\u2019da zorunlu askerlik 2011 y\u0131l\u0131ndan itibaren kald\u0131r\u0131lm\u0131\u015ft\u0131.<\/p>\n\n\n\n<hr class=\"wp-block-separator\"\/>\n\n\n\n<p>Camiahaber<\/p>\n","protected":false},"excerpt":{"rendered":"<p>Almanya\u2019da Zorunlu Askerlik Geri mi Gelecek? Almanya&#8217;da zorunlu askerli\u011fin geri gelmesi tart\u0131\u015fmaya a\u00e7\u0131ld\u0131. Tart\u0131\u015fma Rusya\u2019n\u0131n Ukrayna\u2019ya sald\u0131rmas\u0131 \u00fczerine ba\u015flad\u0131. Almanya&#8217;da siyaset\u00e7iler zorunlu askerli\u011fin yeni gelmesini tart\u0131\u015f\u0131yor. Rusya\u2019n\u0131n Ukrayna\u2019ya askeri sald\u0131r\u0131s\u0131 sonras\u0131nda Almanya\u2019da \u00e7e\u015fitli siyaset\u00e7iler, zorunlu askerli\u011fin yeniden ba\u015flamas\u0131 tart\u0131\u015fmas\u0131n\u0131 ba\u015flatt\u0131. Welt am Sonntag gazetesinin haberine g\u00f6re, Hristiyan Demokrat Birli\u011fi (CDU) partisi Almanya\u2019n\u0131n cayd\u0131r\u0131c\u0131 g\u00fcc\u00fcn\u00fc g\u00f6sterebilmesi [&hellip;]<\/p>\n","protected":false},"author":1,"featured_media":6884,"comment_status":"open","ping_status":"open","sticky":false,"template":"","format":"standard","meta":{"_exactmetrics_skip_tracking":false,"_exactmetrics_sitenote_active":false,"_exactmetrics_sitenote_note":"","_exactmetrics_sitenote_category":0,"_jetpack_memberships_contains_paid_content":false,"footnotes":""},"categories":[18,1],"tags":[35,137,700],"class_list":{"0":"post-6883","1":"post","2":"type-post","3":"status-publish","4":"format-standard","5":"has-post-thumbnail","7":"category-almanya","8":"category-guncel","9":"tag-almanya","10":"tag-askerlik","11":"tag-zorunlu-askerlik"},"yoast_head":"<!-- This site is optimized with the Yoast SEO plugin v24.9 - https:\/\/yoast.com\/wordpress\/plugins\/seo\/ -->\n<title>Almanya\u2019da Zorunlu Askerlik Geri mi Gelecek? - S\u0131la Yolu Sevenler<\/title>\n<meta name=\"robots\" content=\"index, follow, max-snippet:-1, max-image-preview:large, max-video-preview:-1\" \/>\n<link rel=\"canonical\" href=\"https:\/\/silayolusevenler.nl\/wp\/guncel\/almanyada-zorunlu-askerlik-geri-mi-gelecek\/\" \/>\n<meta property=\"og:locale\" content=\"tr_TR\" \/>\n<meta property=\"og:type\" content=\"article\" \/>\n<meta property=\"og:title\" content=\"Almanya\u2019da Zorunlu Askerlik Geri mi Gelecek? - S\u0131la Yolu Sevenler\" \/>\n<meta property=\"og:description\" content=\"Almanya\u2019da Zorunlu Askerlik Geri mi Gelecek? Almanya&#8217;da zorunlu askerli\u011fin geri gelmesi tart\u0131\u015fmaya a\u00e7\u0131ld\u0131. Tart\u0131\u015fma Rusya\u2019n\u0131n Ukrayna\u2019ya sald\u0131rmas\u0131 \u00fczerine ba\u015flad\u0131. Almanya&#8217;da siyaset\u00e7iler zorunlu askerli\u011fin yeni gelmesini tart\u0131\u015f\u0131yor. Rusya\u2019n\u0131n Ukrayna\u2019ya askeri sald\u0131r\u0131s\u0131 sonras\u0131nda Almanya\u2019da \u00e7e\u015fitli siyaset\u00e7iler, zorunlu askerli\u011fin yeniden ba\u015flamas\u0131 tart\u0131\u015fmas\u0131n\u0131 ba\u015flatt\u0131. Welt am Sonntag gazetesinin haberine g\u00f6re, Hristiyan Demokrat Birli\u011fi (CDU) partisi Almanya\u2019n\u0131n cayd\u0131r\u0131c\u0131 g\u00fcc\u00fcn\u00fc g\u00f6sterebilmesi [&hellip;]\" \/>\n<meta property=\"og:url\" content=\"https:\/\/silayolusevenler.nl\/wp\/guncel\/almanyada-zorunlu-askerlik-geri-mi-gelecek\/\" \/>\n<meta property=\"og:site_name\" content=\"S\u0131la Yolu Sevenler\" \/>\n<meta property=\"article:published_time\" content=\"2022-03-01T10:50:50+00:00\" \/>\n<meta property=\"article:modified_time\" content=\"2022-03-01T10:50:52+00:00\" \/>\n<meta property=\"og:image\" content=\"https:\/\/silayolusevenler.nl\/wp\/wp-content\/uploads\/2022\/03\/Almanyada-Zorunlu-Askerlik-Geri-mi-Gelecek-scaled.jpg\" \/>\n\t<meta property=\"og:image:width\" content=\"2560\" \/>\n\t<meta property=\"og:image:height\" content=\"1440\" \/>\n\t<meta property=\"og:image:type\" content=\"image\/jpeg\" \/>\n<meta name=\"author\" content=\"SYS Edit\u00f6r\" \/>\n<meta name=\"twitter:card\" content=\"summary_large_image\" \/>\n<meta name=\"twitter:label1\" content=\"Yazan:\" \/>\n\t<meta name=\"twitter:data1\" content=\"SYS Edit\u00f6r\" \/>\n\t<meta name=\"twitter:label2\" content=\"Tahmini okuma s\u00fcresi\" \/>\n\t<meta name=\"twitter:data2\" content=\"2 dakika\" \/>\n<script type=\"application\/ld+json\" class=\"yoast-schema-graph\">{\"@context\":\"https:\/\/schema.org\",\"@graph\":[{\"@type\":\"Article\",\"@id\":\"https:\/\/silayolusevenler.nl\/wp\/guncel\/almanyada-zorunlu-askerlik-geri-mi-gelecek\/#article\",\"isPartOf\":{\"@id\":\"https:\/\/silayolusevenler.nl\/wp\/guncel\/almanyada-zorunlu-askerlik-geri-mi-gelecek\/\"},\"author\":{\"name\":\"SYS Edit\u00f6r\",\"@id\":\"https:\/\/silayolusevenler.nl\/wp\/#\/schema\/person\/dbcd6e993af8a999b044c73a7e54e1e3\"},\"headline\":\"Almanya\u2019da Zorunlu Askerlik Geri mi Gelecek?\",\"datePublished\":\"2022-03-01T10:50:50+00:00\",\"dateModified\":\"2022-03-01T10:50:52+00:00\",\"mainEntityOfPage\":{\"@id\":\"https:\/\/silayolusevenler.nl\/wp\/guncel\/almanyada-zorunlu-askerlik-geri-mi-gelecek\/\"},\"wordCount\":273,\"commentCount\":0,\"publisher\":{\"@id\":\"https:\/\/silayolusevenler.nl\/wp\/#\/schema\/person\/dbcd6e993af8a999b044c73a7e54e1e3\"},\"image\":{\"@id\":\"https:\/\/silayolusevenler.nl\/wp\/guncel\/almanyada-zorunlu-askerlik-geri-mi-gelecek\/#primaryimage\"},\"thumbnailUrl\":\"https:\/\/silayolusevenler.nl\/wp\/wp-content\/uploads\/2022\/03\/Almanyada-Zorunlu-Askerlik-Geri-mi-Gelecek-scaled.jpg\",\"keywords\":[\"Almanya\",\"Askerlik\",\"Zorunlu Askerlik\"],\"articleSection\":[\"Almanya\",\"G\u00fcndem\"],\"inLanguage\":\"tr\",\"potentialAction\":[{\"@type\":\"CommentAction\",\"name\":\"Comment\",\"target\":[\"https:\/\/silayolusevenler.nl\/wp\/guncel\/almanyada-zorunlu-askerlik-geri-mi-gelecek\/#respond\"]}]},{\"@type\":\"WebPage\",\"@id\":\"https:\/\/silayolusevenler.nl\/wp\/guncel\/almanyada-zorunlu-askerlik-geri-mi-gelecek\/\",\"url\":\"https:\/\/silayolusevenler.nl\/wp\/guncel\/almanyada-zorunlu-askerlik-geri-mi-gelecek\/\",\"name\":\"Almanya\u2019da Zorunlu Askerlik Geri mi Gelecek? - S\u0131la Yolu Sevenler\",\"isPartOf\":{\"@id\":\"https:\/\/silayolusevenler.nl\/wp\/#website\"},\"primaryImageOfPage\":{\"@id\":\"https:\/\/silayolusevenler.nl\/wp\/guncel\/almanyada-zorunlu-askerlik-geri-mi-gelecek\/#primaryimage\"},\"image\":{\"@id\":\"https:\/\/silayolusevenler.nl\/wp\/guncel\/almanyada-zorunlu-askerlik-geri-mi-gelecek\/#primaryimage\"},\"thumbnailUrl\":\"https:\/\/silayolusevenler.nl\/wp\/wp-content\/uploads\/2022\/03\/Almanyada-Zorunlu-Askerlik-Geri-mi-Gelecek-scaled.jpg\",\"datePublished\":\"2022-03-01T10:50:50+00:00\",\"dateModified\":\"2022-03-01T10:50:52+00:00\",\"breadcrumb\":{\"@id\":\"https:\/\/silayolusevenler.nl\/wp\/guncel\/almanyada-zorunlu-askerlik-geri-mi-gelecek\/#breadcrumb\"},\"inLanguage\":\"tr\",\"potentialAction\":[{\"@type\":\"ReadAction\",\"target\":[\"https:\/\/silayolusevenler.nl\/wp\/guncel\/almanyada-zorunlu-askerlik-geri-mi-gelecek\/\"]}]},{\"@type\":\"ImageObject\",\"inLanguage\":\"tr\",\"@id\":\"https:\/\/silayolusevenler.nl\/wp\/guncel\/almanyada-zorunlu-askerlik-geri-mi-gelecek\/#primaryimage\",\"url\":\"https:\/\/silayolusevenler.nl\/wp\/wp-content\/uploads\/2022\/03\/Almanyada-Zorunlu-Askerlik-Geri-mi-Gelecek-scaled.jpg\",\"contentUrl\":\"https:\/\/silayolusevenler.nl\/wp\/wp-content\/uploads\/2022\/03\/Almanyada-Zorunlu-Askerlik-Geri-mi-Gelecek-scaled.jpg\",\"width\":2560,\"height\":1440,\"caption\":\"Almanya\u2019da Zorunlu Askerlik Geri mi Gelecek?\"},{\"@type\":\"BreadcrumbList\",\"@id\":\"https:\/\/silayolusevenler.nl\/wp\/guncel\/almanyada-zorunlu-askerlik-geri-mi-gelecek\/#breadcrumb\",\"itemListElement\":[{\"@type\":\"ListItem\",\"position\":1,\"name\":\"Home\",\"item\":\"https:\/\/silayolusevenler.nl\/wp\/\"},{\"@type\":\"ListItem\",\"position\":2,\"name\":\"Almanya\u2019da Zorunlu Askerlik Geri mi Gelecek?\"}]},{\"@type\":\"WebSite\",\"@id\":\"https:\/\/silayolusevenler.nl\/wp\/#website\",\"url\":\"https:\/\/silayolusevenler.nl\/wp\/\",\"name\":\"S\u0131la Yolu Sevenler\",\"description\":\"Yaln\u0131z De\u011filsiniz\",\"publisher\":{\"@id\":\"https:\/\/silayolusevenler.nl\/wp\/#\/schema\/person\/dbcd6e993af8a999b044c73a7e54e1e3\"},\"potentialAction\":[{\"@type\":\"SearchAction\",\"target\":{\"@type\":\"EntryPoint\",\"urlTemplate\":\"https:\/\/silayolusevenler.nl\/wp\/?s={search_term_string}\"},\"query-input\":{\"@type\":\"PropertyValueSpecification\",\"valueRequired\":true,\"valueName\":\"search_term_string\"}}],\"inLanguage\":\"tr\"},{\"@type\":[\"Person\",\"Organization\"],\"@id\":\"https:\/\/silayolusevenler.nl\/wp\/#\/schema\/person\/dbcd6e993af8a999b044c73a7e54e1e3\",\"name\":\"SYS Edit\u00f6r\",\"logo\":{\"@id\":\"https:\/\/silayolusevenler.nl\/wp\/#\/schema\/person\/image\/\"}}]}<\/script>\n<!-- \/ Yoast SEO plugin. -->","yoast_head_json":{"title":"Almanya\u2019da Zorunlu Askerlik Geri mi Gelecek? - S\u0131la Yolu Sevenler","robots":{"index":"index","follow":"follow","max-snippet":"max-snippet:-1","max-image-preview":"max-image-preview:large","max-video-preview":"max-video-preview:-1"},"canonical":"https:\/\/silayolusevenler.nl\/wp\/guncel\/almanyada-zorunlu-askerlik-geri-mi-gelecek\/","og_locale":"tr_TR","og_type":"article","og_title":"Almanya\u2019da Zorunlu Askerlik Geri mi Gelecek? - S\u0131la Yolu Sevenler","og_description":"Almanya\u2019da Zorunlu Askerlik Geri mi Gelecek? Almanya&#8217;da zorunlu askerli\u011fin geri gelmesi tart\u0131\u015fmaya a\u00e7\u0131ld\u0131. Tart\u0131\u015fma Rusya\u2019n\u0131n Ukrayna\u2019ya sald\u0131rmas\u0131 \u00fczerine ba\u015flad\u0131. Almanya&#8217;da siyaset\u00e7iler zorunlu askerli\u011fin yeni gelmesini tart\u0131\u015f\u0131yor. Rusya\u2019n\u0131n Ukrayna\u2019ya askeri sald\u0131r\u0131s\u0131 sonras\u0131nda Almanya\u2019da \u00e7e\u015fitli siyaset\u00e7iler, zorunlu askerli\u011fin yeniden ba\u015flamas\u0131 tart\u0131\u015fmas\u0131n\u0131 ba\u015flatt\u0131. Welt am Sonntag gazetesinin haberine g\u00f6re, Hristiyan Demokrat Birli\u011fi (CDU) partisi Almanya\u2019n\u0131n cayd\u0131r\u0131c\u0131 g\u00fcc\u00fcn\u00fc g\u00f6sterebilmesi [&hellip;]","og_url":"https:\/\/silayolusevenler.nl\/wp\/guncel\/almanyada-zorunlu-askerlik-geri-mi-gelecek\/","og_site_name":"S\u0131la Yolu Sevenler","article_published_time":"2022-03-01T10:50:50+00:00","article_modified_time":"2022-03-01T10:50:52+00:00","og_image":[{"width":2560,"height":1440,"url":"https:\/\/silayolusevenler.nl\/wp\/wp-content\/uploads\/2022\/03\/Almanyada-Zorunlu-Askerlik-Geri-mi-Gelecek-scaled.jpg","type":"image\/jpeg"}],"author":"SYS Edit\u00f6r","twitter_card":"summary_large_image","twitter_misc":{"Yazan:":"SYS Edit\u00f6r","Tahmini okuma s\u00fcresi":"2 dakika"},"schema":{"@context":"https:\/\/schema.org","@graph":[{"@type":"Article","@id":"https:\/\/silayolusevenler.nl\/wp\/guncel\/almanyada-zorunlu-askerlik-geri-mi-gelecek\/#article","isPartOf":{"@id":"https:\/\/silayolusevenler.nl\/wp\/guncel\/almanyada-zorunlu-askerlik-geri-mi-gelecek\/"},"author":{"name":"SYS Edit\u00f6r","@id":"https:\/\/silayolusevenler.nl\/wp\/#\/schema\/person\/dbcd6e993af8a999b044c73a7e54e1e3"},"headline":"Almanya\u2019da Zorunlu Askerlik Geri mi Gelecek?","datePublished":"2022-03-01T10:50:50+00:00","dateModified":"2022-03-01T10:50:52+00:00","mainEntityOfPage":{"@id":"https:\/\/silayolusevenler.nl\/wp\/guncel\/almanyada-zorunlu-askerlik-geri-mi-gelecek\/"},"wordCount":273,"commentCount":0,"publisher":{"@id":"https:\/\/silayolusevenler.nl\/wp\/#\/schema\/person\/dbcd6e993af8a999b044c73a7e54e1e3"},"image":{"@id":"https:\/\/silayolusevenler.nl\/wp\/guncel\/almanyada-zorunlu-askerlik-geri-mi-gelecek\/#primaryimage"},"thumbnailUrl":"https:\/\/silayolusevenler.nl\/wp\/wp-content\/uploads\/2022\/03\/Almanyada-Zorunlu-Askerlik-Geri-mi-Gelecek-scaled.jpg","keywords":["Almanya","Askerlik","Zorunlu Askerlik"],"articleSection":["Almanya","G\u00fcndem"],"inLanguage":"tr","potentialAction":[{"@type":"CommentAction","name":"Comment","target":["https:\/\/silayolusevenler.nl\/wp\/guncel\/almanyada-zorunlu-askerlik-geri-mi-gelecek\/#respond"]}]},{"@type":"WebPage","@id":"https:\/\/silayolusevenler.nl\/wp\/guncel\/almanyada-zorunlu-askerlik-geri-mi-gelecek\/","url":"https:\/\/silayolusevenler.nl\/wp\/guncel\/almanyada-zorunlu-askerlik-geri-mi-gelecek\/","name":"Almanya\u2019da Zorunlu Askerlik Geri mi Gelecek? - S\u0131la Yolu Sevenler","isPartOf":{"@id":"https:\/\/silayolusevenler.nl\/wp\/#website"},"primaryImageOfPage":{"@id":"https:\/\/silayolusevenler.nl\/wp\/guncel\/almanyada-zorunlu-askerlik-geri-mi-gelecek\/#primaryimage"},"image":{"@id":"https:\/\/silayolusevenler.nl\/wp\/guncel\/almanyada-zorunlu-askerlik-geri-mi-gelecek\/#primaryimage"},"thumbnailUrl":"https:\/\/silayolusevenler.nl\/wp\/wp-content\/uploads\/2022\/03\/Almanyada-Zorunlu-Askerlik-Geri-mi-Gelecek-scaled.jpg","datePublished":"2022-03-01T10:50:50+00:00","dateModified":"2022-03-01T10:50:52+00:00","breadcrumb":{"@id":"https:\/\/silayolusevenler.nl\/wp\/guncel\/almanyada-zorunlu-askerlik-geri-mi-gelecek\/#breadcrumb"},"inLanguage":"tr","potentialAction":[{"@type":"ReadAction","target":["https:\/\/silayolusevenler.nl\/wp\/guncel\/almanyada-zorunlu-askerlik-geri-mi-gelecek\/"]}]},{"@type":"ImageObject","inLanguage":"tr","@id":"https:\/\/silayolusevenler.nl\/wp\/guncel\/almanyada-zorunlu-askerlik-geri-mi-gelecek\/#primaryimage","url":"https:\/\/silayolusevenler.nl\/wp\/wp-content\/uploads\/2022\/03\/Almanyada-Zorunlu-Askerlik-Geri-mi-Gelecek-scaled.jpg","contentUrl":"https:\/\/silayolusevenler.nl\/wp\/wp-content\/uploads\/2022\/03\/Almanyada-Zorunlu-Askerlik-Geri-mi-Gelecek-scaled.jpg","width":2560,"height":1440,"caption":"Almanya\u2019da Zorunlu Askerlik Geri mi Gelecek?"},{"@type":"BreadcrumbList","@id":"https:\/\/silayolusevenler.nl\/wp\/guncel\/almanyada-zorunlu-askerlik-geri-mi-gelecek\/#breadcrumb","itemListElement":[{"@type":"ListItem","position":1,"name":"Home","item":"https:\/\/silayolusevenler.nl\/wp\/"},{"@type":"ListItem","position":2,"name":"Almanya\u2019da Zorunlu Askerlik Geri mi Gelecek?"}]},{"@type":"WebSite","@id":"https:\/\/silayolusevenler.nl\/wp\/#website","url":"https:\/\/silayolusevenler.nl\/wp\/","name":"S\u0131la Yolu Sevenler","description":"Yaln\u0131z De\u011filsiniz","publisher":{"@id":"https:\/\/silayolusevenler.nl\/wp\/#\/schema\/person\/dbcd6e993af8a999b044c73a7e54e1e3"},"potentialAction":[{"@type":"SearchAction","target":{"@type":"EntryPoint","urlTemplate":"https:\/\/silayolusevenler.nl\/wp\/?s={search_term_string}"},"query-input":{"@type":"PropertyValueSpecification","valueRequired":true,"valueName":"search_term_string"}}],"inLanguage":"tr"},{"@type":["Person","Organization"],"@id":"https:\/\/silayolusevenler.nl\/wp\/#\/schema\/person\/dbcd6e993af8a999b044c73a7e54e1e3","name":"SYS Edit\u00f6r","logo":{"@id":"https:\/\/silayolusevenler.nl\/wp\/#\/schema\/person\/image\/"}}]}},"jetpack_featured_media_url":"https:\/\/silayolusevenler.nl\/wp\/wp-content\/uploads\/2022\/03\/Almanyada-Zorunlu-Askerlik-Geri-mi-Gelecek-scaled.jpg","jetpack_sharing_enabled":true,"_links":{"self":[{"href":"https:\/\/silayolusevenler.nl\/wp\/wp-json\/wp\/v2\/posts\/6883","targetHints":{"allow":["GET"]}}],"collection":[{"href":"https:\/\/silayolusevenler.nl\/wp\/wp-json\/wp\/v2\/posts"}],"about":[{"href":"https:\/\/silayolusevenler.nl\/wp\/wp-json\/wp\/v2\/types\/post"}],"author":[{"embeddable":true,"href":"https:\/\/silayolusevenler.nl\/wp\/wp-json\/wp\/v2\/users\/1"}],"replies":[{"embeddable":true,"href":"https:\/\/silayolusevenler.nl\/wp\/wp-json\/wp\/v2\/comments?post=6883"}],"version-history":[{"count":1,"href":"https:\/\/silayolusevenler.nl\/wp\/wp-json\/wp\/v2\/posts\/6883\/revisions"}],"predecessor-version":[{"id":6885,"href":"https:\/\/silayolusevenler.nl\/wp\/wp-json\/wp\/v2\/posts\/6883\/revisions\/6885"}],"wp:featuredmedia":[{"embeddable":true,"href":"https:\/\/silayolusevenler.nl\/wp\/wp-json\/wp\/v2\/media\/6884"}],"wp:attachment":[{"href":"https:\/\/silayolusevenler.nl\/wp\/wp-json\/wp\/v2\/media?parent=6883"}],"wp:term":[{"taxonomy":"category","embeddable":true,"href":"https:\/\/silayolusevenler.nl\/wp\/wp-json\/wp\/v2\/categories?post=6883"},{"taxonomy":"post_tag","embeddable":true,"href":"https:\/\/silayolusevenler.nl\/wp\/wp-json\/wp\/v2\/tags?post=6883"}],"curies":[{"name":"wp","href":"https:\/\/api.w.org\/{rel}","templated":true}]}}