{"id":8179,"date":"2022-07-19T08:31:39","date_gmt":"2022-07-19T06:31:39","guid":{"rendered":"https:\/\/www.silayolusevenler.com\/?p=8179"},"modified":"2022-07-19T08:31:40","modified_gmt":"2022-07-19T06:31:40","slug":"turkiyede-gurbetci-dusmanligi-var-mi","status":"publish","type":"post","link":"https:\/\/silayolusevenler.nl\/wp\/guncel\/turkiyede-gurbetci-dusmanligi-var-mi\/","title":{"rendered":"T\u00fcrkiye\u2019de Gurbet\u00e7i D\u00fc\u015fmanl\u0131\u011f\u0131 Var M\u0131?"},"content":{"rendered":"\n<h2 class=\"wp-block-heading\">T\u00fcrkiye\u2019de Gurbet\u00e7i D\u00fc\u015fmanl\u0131\u011f\u0131 Var M\u0131?<\/h2>\n\n\n\n<hr class=\"wp-block-separator has-alpha-channel-opacity\"\/>\n\n\n\n<p>Son d\u00f6nemde gurbet\u00e7ilerin T\u00fcrkiye tatilini ele\u015ftiren baz\u0131 kesimlere cevap veren Gazeteci Oktan Erdikmen\u2019in videosu g\u00fcndem oldu. Yine baz\u0131 gurbet\u00e7ilerin T\u00fcrkiye ekonomisi hakk\u0131nda, halk\u0131 k\u0131zd\u0131ran s\u00f6ylemlerde bulunmas\u0131, gurbet\u00e7ilerin a\u011f\u0131r ele\u015ftirilere maruz kalmas\u0131na neden oluyor.<\/p>\n\n\n\n<p><a href=\"https:\/\/www.instagram.com\/reel\/CgBruhnlZXG\/\" target=\"_blank\" rel=\"noreferrer noopener\">Gazeteci Erdikmen<\/a>, yap\u0131lan ele\u015ftirilerin haks\u0131z oldu\u011funa ve di\u011fer turistlerden bir farkl\u0131l\u0131\u011f\u0131n bulunmad\u0131\u011f\u0131na dikkat \u00e7ekti. \u0130kamet etti\u011fi \u00fclkede t\u00fcm y\u0131l boyunca \u00e7al\u0131\u015f\u0131p tatilini anavatanda ge\u00e7irmek isteyen gurbet\u00e7ilerin, yabanc\u0131 turistlerden \u00e7ok daha fazla para harcayarak \u00fclkeye d\u00f6viz b\u0131rakt\u0131\u011f\u0131n\u0131 ifade eden Erdikmen son d\u00f6nemdeki gurbet\u00e7i d\u00fc\u015fmanl\u0131\u011f\u0131n\u0131n nedenini anlayamad\u0131\u011f\u0131n\u0131 s\u00f6yledi.<\/p>\n\n\n\n<p>\u0130\u015fte Viral Olan O Video<\/p>\n\n\n\n<figure class=\"wp-block-embed is-type-video is-provider-youtube wp-block-embed-youtube wp-embed-aspect-16-9 wp-has-aspect-ratio\"><div class=\"wp-block-embed__wrapper\">\n<iframe loading=\"lazy\" title=\"T\u00fcrkiye\u2019de Gurbet\u00e7i D\u00fc\u015fmanl\u0131\u011f\u0131 Var M\u0131?\" width=\"696\" height=\"392\" src=\"https:\/\/www.youtube.com\/embed\/71YGhAnxTOs?feature=oembed\" frameborder=\"0\" allow=\"accelerometer; autoplay; clipboard-write; encrypted-media; gyroscope; picture-in-picture\" allowfullscreen><\/iframe>\n<\/div><\/figure>\n\n\n\n<p>Siz T\u00fcrkiye\u2019de ya\u015fayan ki\u015filerin, gurbet\u00e7iler i\u00e7in b\u00f6yle bir duygu bar\u0131nd\u0131rd\u0131\u011f\u0131n\u0131 d\u00fc\u015f\u00fcn\u00fcyor musunuz?<\/p>\n\n\n\n<hr class=\"wp-block-separator has-alpha-channel-opacity\"\/>\n\n\n\n<p>TurizmAvrupa, Oktan Erdikmen<\/p>\n\n\n\n<p><\/p>\n","protected":false},"excerpt":{"rendered":"<p>T\u00fcrkiye\u2019de Gurbet\u00e7i D\u00fc\u015fmanl\u0131\u011f\u0131 Var M\u0131? Son d\u00f6nemde gurbet\u00e7ilerin T\u00fcrkiye tatilini ele\u015ftiren baz\u0131 kesimlere cevap veren Gazeteci Oktan Erdikmen\u2019in videosu g\u00fcndem oldu. Yine baz\u0131 gurbet\u00e7ilerin T\u00fcrkiye ekonomisi hakk\u0131nda, halk\u0131 k\u0131zd\u0131ran s\u00f6ylemlerde bulunmas\u0131, gurbet\u00e7ilerin a\u011f\u0131r ele\u015ftirilere maruz kalmas\u0131na neden oluyor. Gazeteci Erdikmen, yap\u0131lan ele\u015ftirilerin haks\u0131z oldu\u011funa ve di\u011fer turistlerden bir farkl\u0131l\u0131\u011f\u0131n bulunmad\u0131\u011f\u0131na dikkat \u00e7ekti. \u0130kamet etti\u011fi \u00fclkede [&hellip;]<\/p>\n","protected":false},"author":1,"featured_media":8180,"comment_status":"open","ping_status":"open","sticky":false,"template":"","format":"standard","meta":{"_exactmetrics_skip_tracking":false,"_exactmetrics_sitenote_active":false,"_exactmetrics_sitenote_note":"","_exactmetrics_sitenote_category":0,"_jetpack_memberships_contains_paid_content":false,"footnotes":""},"categories":[1],"tags":[345,10,38],"class_list":{"0":"post-8179","1":"post","2":"type-post","3":"status-publish","4":"format-standard","5":"has-post-thumbnail","7":"category-guncel","8":"tag-gurbetci","9":"tag-sila-yolu","10":"tag-turkiye"},"yoast_head":"<!-- This site is optimized with the Yoast SEO plugin v24.9 - https:\/\/yoast.com\/wordpress\/plugins\/seo\/ -->\n<title>T\u00fcrkiye\u2019de Gurbet\u00e7i D\u00fc\u015fmanl\u0131\u011f\u0131 Var M\u0131? - S\u0131la Yolu Sevenler<\/title>\n<meta name=\"robots\" content=\"index, follow, max-snippet:-1, max-image-preview:large, max-video-preview:-1\" \/>\n<link rel=\"canonical\" href=\"https:\/\/silayolusevenler.nl\/wp\/guncel\/turkiyede-gurbetci-dusmanligi-var-mi\/\" \/>\n<meta property=\"og:locale\" content=\"tr_TR\" \/>\n<meta property=\"og:type\" content=\"article\" \/>\n<meta property=\"og:title\" content=\"T\u00fcrkiye\u2019de Gurbet\u00e7i D\u00fc\u015fmanl\u0131\u011f\u0131 Var M\u0131? - S\u0131la Yolu Sevenler\" \/>\n<meta property=\"og:description\" content=\"T\u00fcrkiye\u2019de Gurbet\u00e7i D\u00fc\u015fmanl\u0131\u011f\u0131 Var M\u0131? Son d\u00f6nemde gurbet\u00e7ilerin T\u00fcrkiye tatilini ele\u015ftiren baz\u0131 kesimlere cevap veren Gazeteci Oktan Erdikmen\u2019in videosu g\u00fcndem oldu. Yine baz\u0131 gurbet\u00e7ilerin T\u00fcrkiye ekonomisi hakk\u0131nda, halk\u0131 k\u0131zd\u0131ran s\u00f6ylemlerde bulunmas\u0131, gurbet\u00e7ilerin a\u011f\u0131r ele\u015ftirilere maruz kalmas\u0131na neden oluyor. Gazeteci Erdikmen, yap\u0131lan ele\u015ftirilerin haks\u0131z oldu\u011funa ve di\u011fer turistlerden bir farkl\u0131l\u0131\u011f\u0131n bulunmad\u0131\u011f\u0131na dikkat \u00e7ekti. \u0130kamet etti\u011fi \u00fclkede [&hellip;]\" \/>\n<meta property=\"og:url\" content=\"https:\/\/silayolusevenler.nl\/wp\/guncel\/turkiyede-gurbetci-dusmanligi-var-mi\/\" \/>\n<meta property=\"og:site_name\" content=\"S\u0131la Yolu Sevenler\" \/>\n<meta property=\"article:published_time\" content=\"2022-07-19T06:31:39+00:00\" \/>\n<meta property=\"article:modified_time\" content=\"2022-07-19T06:31:40+00:00\" \/>\n<meta property=\"og:image\" content=\"https:\/\/silayolusevenler.nl\/wp\/wp-content\/uploads\/2022\/07\/Turkiyede-Gurbetci-Dusmanligi-Var-Mi.jpg\" \/>\n\t<meta property=\"og:image:width\" content=\"2048\" \/>\n\t<meta property=\"og:image:height\" content=\"1152\" \/>\n\t<meta property=\"og:image:type\" content=\"image\/jpeg\" \/>\n<meta name=\"author\" content=\"SYS Edit\u00f6r\" \/>\n<meta name=\"twitter:card\" content=\"summary_large_image\" \/>\n<meta name=\"twitter:label1\" content=\"Yazan:\" \/>\n\t<meta name=\"twitter:data1\" content=\"SYS Edit\u00f6r\" \/>\n\t<meta name=\"twitter:label2\" content=\"Tahmini okuma s\u00fcresi\" \/>\n\t<meta name=\"twitter:data2\" content=\"1 dakika\" \/>\n<script type=\"application\/ld+json\" class=\"yoast-schema-graph\">{\"@context\":\"https:\/\/schema.org\",\"@graph\":[{\"@type\":\"Article\",\"@id\":\"https:\/\/silayolusevenler.nl\/wp\/guncel\/turkiyede-gurbetci-dusmanligi-var-mi\/#article\",\"isPartOf\":{\"@id\":\"https:\/\/silayolusevenler.nl\/wp\/guncel\/turkiyede-gurbetci-dusmanligi-var-mi\/\"},\"author\":{\"name\":\"SYS Edit\u00f6r\",\"@id\":\"https:\/\/silayolusevenler.nl\/wp\/#\/schema\/person\/dbcd6e993af8a999b044c73a7e54e1e3\"},\"headline\":\"T\u00fcrkiye\u2019de Gurbet\u00e7i D\u00fc\u015fmanl\u0131\u011f\u0131 Var M\u0131?\",\"datePublished\":\"2022-07-19T06:31:39+00:00\",\"dateModified\":\"2022-07-19T06:31:40+00:00\",\"mainEntityOfPage\":{\"@id\":\"https:\/\/silayolusevenler.nl\/wp\/guncel\/turkiyede-gurbetci-dusmanligi-var-mi\/\"},\"wordCount\":173,\"commentCount\":1,\"publisher\":{\"@id\":\"https:\/\/silayolusevenler.nl\/wp\/#\/schema\/person\/dbcd6e993af8a999b044c73a7e54e1e3\"},\"image\":{\"@id\":\"https:\/\/silayolusevenler.nl\/wp\/guncel\/turkiyede-gurbetci-dusmanligi-var-mi\/#primaryimage\"},\"thumbnailUrl\":\"https:\/\/silayolusevenler.nl\/wp\/wp-content\/uploads\/2022\/07\/Turkiyede-Gurbetci-Dusmanligi-Var-Mi.jpg\",\"keywords\":[\"Gurbet\u00e7i\",\"S\u0131la yolu\",\"T\u00fcrkiye\"],\"articleSection\":[\"G\u00fcndem\"],\"inLanguage\":\"tr\",\"potentialAction\":[{\"@type\":\"CommentAction\",\"name\":\"Comment\",\"target\":[\"https:\/\/silayolusevenler.nl\/wp\/guncel\/turkiyede-gurbetci-dusmanligi-var-mi\/#respond\"]}]},{\"@type\":\"WebPage\",\"@id\":\"https:\/\/silayolusevenler.nl\/wp\/guncel\/turkiyede-gurbetci-dusmanligi-var-mi\/\",\"url\":\"https:\/\/silayolusevenler.nl\/wp\/guncel\/turkiyede-gurbetci-dusmanligi-var-mi\/\",\"name\":\"T\u00fcrkiye\u2019de Gurbet\u00e7i D\u00fc\u015fmanl\u0131\u011f\u0131 Var M\u0131? - S\u0131la Yolu Sevenler\",\"isPartOf\":{\"@id\":\"https:\/\/silayolusevenler.nl\/wp\/#website\"},\"primaryImageOfPage\":{\"@id\":\"https:\/\/silayolusevenler.nl\/wp\/guncel\/turkiyede-gurbetci-dusmanligi-var-mi\/#primaryimage\"},\"image\":{\"@id\":\"https:\/\/silayolusevenler.nl\/wp\/guncel\/turkiyede-gurbetci-dusmanligi-var-mi\/#primaryimage\"},\"thumbnailUrl\":\"https:\/\/silayolusevenler.nl\/wp\/wp-content\/uploads\/2022\/07\/Turkiyede-Gurbetci-Dusmanligi-Var-Mi.jpg\",\"datePublished\":\"2022-07-19T06:31:39+00:00\",\"dateModified\":\"2022-07-19T06:31:40+00:00\",\"breadcrumb\":{\"@id\":\"https:\/\/silayolusevenler.nl\/wp\/guncel\/turkiyede-gurbetci-dusmanligi-var-mi\/#breadcrumb\"},\"inLanguage\":\"tr\",\"potentialAction\":[{\"@type\":\"ReadAction\",\"target\":[\"https:\/\/silayolusevenler.nl\/wp\/guncel\/turkiyede-gurbetci-dusmanligi-var-mi\/\"]}]},{\"@type\":\"ImageObject\",\"inLanguage\":\"tr\",\"@id\":\"https:\/\/silayolusevenler.nl\/wp\/guncel\/turkiyede-gurbetci-dusmanligi-var-mi\/#primaryimage\",\"url\":\"https:\/\/silayolusevenler.nl\/wp\/wp-content\/uploads\/2022\/07\/Turkiyede-Gurbetci-Dusmanligi-Var-Mi.jpg\",\"contentUrl\":\"https:\/\/silayolusevenler.nl\/wp\/wp-content\/uploads\/2022\/07\/Turkiyede-Gurbetci-Dusmanligi-Var-Mi.jpg\",\"width\":2048,\"height\":1152,\"caption\":\"T\u00fcrkiye\u2019de Gurbet\u00e7i D\u00fc\u015fmanl\u0131\u011f\u0131 Var M\u0131?\"},{\"@type\":\"BreadcrumbList\",\"@id\":\"https:\/\/silayolusevenler.nl\/wp\/guncel\/turkiyede-gurbetci-dusmanligi-var-mi\/#breadcrumb\",\"itemListElement\":[{\"@type\":\"ListItem\",\"position\":1,\"name\":\"Home\",\"item\":\"https:\/\/silayolusevenler.nl\/wp\/\"},{\"@type\":\"ListItem\",\"position\":2,\"name\":\"T\u00fcrkiye\u2019de Gurbet\u00e7i D\u00fc\u015fmanl\u0131\u011f\u0131 Var M\u0131?\"}]},{\"@type\":\"WebSite\",\"@id\":\"https:\/\/silayolusevenler.nl\/wp\/#website\",\"url\":\"https:\/\/silayolusevenler.nl\/wp\/\",\"name\":\"S\u0131la Yolu Sevenler\",\"description\":\"Yaln\u0131z De\u011filsiniz\",\"publisher\":{\"@id\":\"https:\/\/silayolusevenler.nl\/wp\/#\/schema\/person\/dbcd6e993af8a999b044c73a7e54e1e3\"},\"potentialAction\":[{\"@type\":\"SearchAction\",\"target\":{\"@type\":\"EntryPoint\",\"urlTemplate\":\"https:\/\/silayolusevenler.nl\/wp\/?s={search_term_string}\"},\"query-input\":{\"@type\":\"PropertyValueSpecification\",\"valueRequired\":true,\"valueName\":\"search_term_string\"}}],\"inLanguage\":\"tr\"},{\"@type\":[\"Person\",\"Organization\"],\"@id\":\"https:\/\/silayolusevenler.nl\/wp\/#\/schema\/person\/dbcd6e993af8a999b044c73a7e54e1e3\",\"name\":\"SYS Edit\u00f6r\",\"logo\":{\"@id\":\"https:\/\/silayolusevenler.nl\/wp\/#\/schema\/person\/image\/\"}}]}<\/script>\n<!-- \/ Yoast SEO plugin. -->","yoast_head_json":{"title":"T\u00fcrkiye\u2019de Gurbet\u00e7i D\u00fc\u015fmanl\u0131\u011f\u0131 Var M\u0131? - S\u0131la Yolu Sevenler","robots":{"index":"index","follow":"follow","max-snippet":"max-snippet:-1","max-image-preview":"max-image-preview:large","max-video-preview":"max-video-preview:-1"},"canonical":"https:\/\/silayolusevenler.nl\/wp\/guncel\/turkiyede-gurbetci-dusmanligi-var-mi\/","og_locale":"tr_TR","og_type":"article","og_title":"T\u00fcrkiye\u2019de Gurbet\u00e7i D\u00fc\u015fmanl\u0131\u011f\u0131 Var M\u0131? - S\u0131la Yolu Sevenler","og_description":"T\u00fcrkiye\u2019de Gurbet\u00e7i D\u00fc\u015fmanl\u0131\u011f\u0131 Var M\u0131? Son d\u00f6nemde gurbet\u00e7ilerin T\u00fcrkiye tatilini ele\u015ftiren baz\u0131 kesimlere cevap veren Gazeteci Oktan Erdikmen\u2019in videosu g\u00fcndem oldu. Yine baz\u0131 gurbet\u00e7ilerin T\u00fcrkiye ekonomisi hakk\u0131nda, halk\u0131 k\u0131zd\u0131ran s\u00f6ylemlerde bulunmas\u0131, gurbet\u00e7ilerin a\u011f\u0131r ele\u015ftirilere maruz kalmas\u0131na neden oluyor. Gazeteci Erdikmen, yap\u0131lan ele\u015ftirilerin haks\u0131z oldu\u011funa ve di\u011fer turistlerden bir farkl\u0131l\u0131\u011f\u0131n bulunmad\u0131\u011f\u0131na dikkat \u00e7ekti. \u0130kamet etti\u011fi \u00fclkede [&hellip;]","og_url":"https:\/\/silayolusevenler.nl\/wp\/guncel\/turkiyede-gurbetci-dusmanligi-var-mi\/","og_site_name":"S\u0131la Yolu Sevenler","article_published_time":"2022-07-19T06:31:39+00:00","article_modified_time":"2022-07-19T06:31:40+00:00","og_image":[{"width":2048,"height":1152,"url":"https:\/\/silayolusevenler.nl\/wp\/wp-content\/uploads\/2022\/07\/Turkiyede-Gurbetci-Dusmanligi-Var-Mi.jpg","type":"image\/jpeg"}],"author":"SYS Edit\u00f6r","twitter_card":"summary_large_image","twitter_misc":{"Yazan:":"SYS Edit\u00f6r","Tahmini okuma s\u00fcresi":"1 dakika"},"schema":{"@context":"https:\/\/schema.org","@graph":[{"@type":"Article","@id":"https:\/\/silayolusevenler.nl\/wp\/guncel\/turkiyede-gurbetci-dusmanligi-var-mi\/#article","isPartOf":{"@id":"https:\/\/silayolusevenler.nl\/wp\/guncel\/turkiyede-gurbetci-dusmanligi-var-mi\/"},"author":{"name":"SYS Edit\u00f6r","@id":"https:\/\/silayolusevenler.nl\/wp\/#\/schema\/person\/dbcd6e993af8a999b044c73a7e54e1e3"},"headline":"T\u00fcrkiye\u2019de Gurbet\u00e7i D\u00fc\u015fmanl\u0131\u011f\u0131 Var M\u0131?","datePublished":"2022-07-19T06:31:39+00:00","dateModified":"2022-07-19T06:31:40+00:00","mainEntityOfPage":{"@id":"https:\/\/silayolusevenler.nl\/wp\/guncel\/turkiyede-gurbetci-dusmanligi-var-mi\/"},"wordCount":173,"commentCount":1,"publisher":{"@id":"https:\/\/silayolusevenler.nl\/wp\/#\/schema\/person\/dbcd6e993af8a999b044c73a7e54e1e3"},"image":{"@id":"https:\/\/silayolusevenler.nl\/wp\/guncel\/turkiyede-gurbetci-dusmanligi-var-mi\/#primaryimage"},"thumbnailUrl":"https:\/\/silayolusevenler.nl\/wp\/wp-content\/uploads\/2022\/07\/Turkiyede-Gurbetci-Dusmanligi-Var-Mi.jpg","keywords":["Gurbet\u00e7i","S\u0131la yolu","T\u00fcrkiye"],"articleSection":["G\u00fcndem"],"inLanguage":"tr","potentialAction":[{"@type":"CommentAction","name":"Comment","target":["https:\/\/silayolusevenler.nl\/wp\/guncel\/turkiyede-gurbetci-dusmanligi-var-mi\/#respond"]}]},{"@type":"WebPage","@id":"https:\/\/silayolusevenler.nl\/wp\/guncel\/turkiyede-gurbetci-dusmanligi-var-mi\/","url":"https:\/\/silayolusevenler.nl\/wp\/guncel\/turkiyede-gurbetci-dusmanligi-var-mi\/","name":"T\u00fcrkiye\u2019de Gurbet\u00e7i D\u00fc\u015fmanl\u0131\u011f\u0131 Var M\u0131? - S\u0131la Yolu Sevenler","isPartOf":{"@id":"https:\/\/silayolusevenler.nl\/wp\/#website"},"primaryImageOfPage":{"@id":"https:\/\/silayolusevenler.nl\/wp\/guncel\/turkiyede-gurbetci-dusmanligi-var-mi\/#primaryimage"},"image":{"@id":"https:\/\/silayolusevenler.nl\/wp\/guncel\/turkiyede-gurbetci-dusmanligi-var-mi\/#primaryimage"},"thumbnailUrl":"https:\/\/silayolusevenler.nl\/wp\/wp-content\/uploads\/2022\/07\/Turkiyede-Gurbetci-Dusmanligi-Var-Mi.jpg","datePublished":"2022-07-19T06:31:39+00:00","dateModified":"2022-07-19T06:31:40+00:00","breadcrumb":{"@id":"https:\/\/silayolusevenler.nl\/wp\/guncel\/turkiyede-gurbetci-dusmanligi-var-mi\/#breadcrumb"},"inLanguage":"tr","potentialAction":[{"@type":"ReadAction","target":["https:\/\/silayolusevenler.nl\/wp\/guncel\/turkiyede-gurbetci-dusmanligi-var-mi\/"]}]},{"@type":"ImageObject","inLanguage":"tr","@id":"https:\/\/silayolusevenler.nl\/wp\/guncel\/turkiyede-gurbetci-dusmanligi-var-mi\/#primaryimage","url":"https:\/\/silayolusevenler.nl\/wp\/wp-content\/uploads\/2022\/07\/Turkiyede-Gurbetci-Dusmanligi-Var-Mi.jpg","contentUrl":"https:\/\/silayolusevenler.nl\/wp\/wp-content\/uploads\/2022\/07\/Turkiyede-Gurbetci-Dusmanligi-Var-Mi.jpg","width":2048,"height":1152,"caption":"T\u00fcrkiye\u2019de Gurbet\u00e7i D\u00fc\u015fmanl\u0131\u011f\u0131 Var M\u0131?"},{"@type":"BreadcrumbList","@id":"https:\/\/silayolusevenler.nl\/wp\/guncel\/turkiyede-gurbetci-dusmanligi-var-mi\/#breadcrumb","itemListElement":[{"@type":"ListItem","position":1,"name":"Home","item":"https:\/\/silayolusevenler.nl\/wp\/"},{"@type":"ListItem","position":2,"name":"T\u00fcrkiye\u2019de Gurbet\u00e7i D\u00fc\u015fmanl\u0131\u011f\u0131 Var M\u0131?"}]},{"@type":"WebSite","@id":"https:\/\/silayolusevenler.nl\/wp\/#website","url":"https:\/\/silayolusevenler.nl\/wp\/","name":"S\u0131la Yolu Sevenler","description":"Yaln\u0131z De\u011filsiniz","publisher":{"@id":"https:\/\/silayolusevenler.nl\/wp\/#\/schema\/person\/dbcd6e993af8a999b044c73a7e54e1e3"},"potentialAction":[{"@type":"SearchAction","target":{"@type":"EntryPoint","urlTemplate":"https:\/\/silayolusevenler.nl\/wp\/?s={search_term_string}"},"query-input":{"@type":"PropertyValueSpecification","valueRequired":true,"valueName":"search_term_string"}}],"inLanguage":"tr"},{"@type":["Person","Organization"],"@id":"https:\/\/silayolusevenler.nl\/wp\/#\/schema\/person\/dbcd6e993af8a999b044c73a7e54e1e3","name":"SYS Edit\u00f6r","logo":{"@id":"https:\/\/silayolusevenler.nl\/wp\/#\/schema\/person\/image\/"}}]}},"jetpack_featured_media_url":"https:\/\/silayolusevenler.nl\/wp\/wp-content\/uploads\/2022\/07\/Turkiyede-Gurbetci-Dusmanligi-Var-Mi.jpg","jetpack_sharing_enabled":true,"_links":{"self":[{"href":"https:\/\/silayolusevenler.nl\/wp\/wp-json\/wp\/v2\/posts\/8179","targetHints":{"allow":["GET"]}}],"collection":[{"href":"https:\/\/silayolusevenler.nl\/wp\/wp-json\/wp\/v2\/posts"}],"about":[{"href":"https:\/\/silayolusevenler.nl\/wp\/wp-json\/wp\/v2\/types\/post"}],"author":[{"embeddable":true,"href":"https:\/\/silayolusevenler.nl\/wp\/wp-json\/wp\/v2\/users\/1"}],"replies":[{"embeddable":true,"href":"https:\/\/silayolusevenler.nl\/wp\/wp-json\/wp\/v2\/comments?post=8179"}],"version-history":[{"count":1,"href":"https:\/\/silayolusevenler.nl\/wp\/wp-json\/wp\/v2\/posts\/8179\/revisions"}],"predecessor-version":[{"id":8181,"href":"https:\/\/silayolusevenler.nl\/wp\/wp-json\/wp\/v2\/posts\/8179\/revisions\/8181"}],"wp:featuredmedia":[{"embeddable":true,"href":"https:\/\/silayolusevenler.nl\/wp\/wp-json\/wp\/v2\/media\/8180"}],"wp:attachment":[{"href":"https:\/\/silayolusevenler.nl\/wp\/wp-json\/wp\/v2\/media?parent=8179"}],"wp:term":[{"taxonomy":"category","embeddable":true,"href":"https:\/\/silayolusevenler.nl\/wp\/wp-json\/wp\/v2\/categories?post=8179"},{"taxonomy":"post_tag","embeddable":true,"href":"https:\/\/silayolusevenler.nl\/wp\/wp-json\/wp\/v2\/tags?post=8179"}],"curies":[{"name":"wp","href":"https:\/\/api.w.org\/{rel}","templated":true}]}}